{"id":6401,"date":"2016-04-14T08:00:00","date_gmt":"2016-04-14T06:00:00","guid":{"rendered":"http:\/\/www.decorize.de\/blog\/?p=6401"},"modified":"2016-04-21T11:01:08","modified_gmt":"2016-04-21T09:01:08","slug":"dachschraegen-kleiderschrank","status":"publish","type":"post","link":"https:\/\/www.decorize.de\/blog\/dachschraegen-kleiderschrank\/","title":{"rendered":"Dachschr\u00e4gen-Kleiderschrank &#038; eine neue Wandfarbe &#8211; Homestyling"},"content":{"rendered":"<p>Jeder mit Dachschr\u00e4gen in Haus oder Wohnung kennt wahrscheinlich das Problem: total gem\u00fctlich, aber total unpraktisch, wenn&#8217;s um Staufl\u00e4che geht! So einen Kleiderschrank im Zimmer unterzubringen, ist eine echte Herausforderung, oder? Und als der Tischler meinte, ein Einbauschrank w\u00fcrde ca. 8.000,- Euro kosten, dachten wir: und wenn, die Lieblings-Tochter weiter alle halbe Jahr ihr Zimmer umr\u00e4umt? Da ist ja so ein fest eingebauter Kleiderschrank auch ziemlich suboptimal. Dann\u00a0hatten wir eine andere Idee: statt eines fest eingebauten Einbauschrank kommen unter die Dachschr\u00e4ge Vorh\u00e4nge zum Zuziehen und dahinter werden Kleiderstange und Kommode &#8220;versteckt&#8221;. Und das Bett kommt Alkoven-m\u00e4\u00dfig mittig gleich dazu!<\/p>\n<p>Da ja das eine bekanntlicher Weise\u00a0immer das andere nachzieht, gab&#8217;s vorab noch eine tolle neue Wandfarbe dazu und jetzt ist&#8217;s richtig kuschelig unter der Dachschr\u00e4ge und alle Klamotten sind prima verstaut. Wollt Ihr mal einen Blick ins Zimmer werfen?<\/p>\n<p><img loading=\"lazy\" decoding=\"async\" class=\"aligncenter size-full wp-image-6439\" src=\"https:\/\/www.decorize.de\/blog\/wp-content\/uploads\/2016\/04\/Dachschr\u00e4gen-Schrank-3017.jpg\" alt=\"Dachschr\u00e4gen Schrank-3017\" width=\"333\" height=\"500\" srcset=\"https:\/\/www.decorize.de\/blog\/wp-content\/uploads\/2016\/04\/Dachschr\u00e4gen-Schrank-3017.jpg 333w, https:\/\/www.decorize.de\/blog\/wp-content\/uploads\/2016\/04\/Dachschr\u00e4gen-Schrank-3017-300x450.jpg 300w, https:\/\/www.decorize.de\/blog\/wp-content\/uploads\/2016\/04\/Dachschr\u00e4gen-Schrank-3017-250x375.jpg 250w\" sizes=\"(max-width: 333px) 100vw, 333px\" \/><\/p>\n<p><img loading=\"lazy\" decoding=\"async\" class=\"aligncenter size-full wp-image-6442\" src=\"https:\/\/www.decorize.de\/blog\/wp-content\/uploads\/2016\/04\/Dachschr\u00e4gen-Schrank-3025.jpg\" alt=\"Dachschr\u00e4gen Schrank-3025\" width=\"750\" height=\"500\" srcset=\"https:\/\/www.decorize.de\/blog\/wp-content\/uploads\/2016\/04\/Dachschr\u00e4gen-Schrank-3025.jpg 750w, https:\/\/www.decorize.de\/blog\/wp-content\/uploads\/2016\/04\/Dachschr\u00e4gen-Schrank-3025-300x200.jpg 300w, https:\/\/www.decorize.de\/blog\/wp-content\/uploads\/2016\/04\/Dachschr\u00e4gen-Schrank-3025-600x400.jpg 600w, https:\/\/www.decorize.de\/blog\/wp-content\/uploads\/2016\/04\/Dachschr\u00e4gen-Schrank-3025-270x180.jpg 270w, https:\/\/www.decorize.de\/blog\/wp-content\/uploads\/2016\/04\/Dachschr\u00e4gen-Schrank-3025-250x167.jpg 250w\" sizes=\"(max-width: 750px) 100vw, 750px\" \/><\/p>\n<p>Als erstes haben wir der unteren H\u00e4lfte der\u00a0Dachschr\u00e4ge und der gegen\u00fcberliegende Wand eine neue Farbe verliehen. Ich bin ziemlich\u00a0begeistert von den <a href=\"http:\/\/eu.farrow-ball.com\/?lng=de-DE&amp;ctry=DE\" target=\"_blank\" rel=\"nofollow\">Farrow &amp; \u00a0Ball<\/a>-Farben! Nicht nur gibt es eine Monster-Auswahl an wundersch\u00f6nen Farbt\u00f6nen &#8211; die alle\u00a0sehr s\u00fc\u00dfe ausgefallene Namen haben wie Breakfast Room Green, Smoked Trout oder Charlotte&#8217;s Locks. Seht Euch mal den <a href=\"http:\/\/eu.farrow-ball.com\/?lng=de-DE&amp;ctry=DE\" target=\"_blank\" rel=\"nofollow\">Farbf\u00e4cher <\/a>an &#8211; Hammer!<\/p>\n<p>Die Lieblings-Tochter hat sich f\u00fcr &#8220;<a href=\"http:\/\/eu.farrow-ball.com\/elephant's-breath\/couleurs\/farrow-ball\/fcp-product\/100229\" target=\"_blank\" rel=\"nofollow\">Elephant Breath No. 229<\/a>&#8221; (vielleicht auch wegen des Namens?) entschieden, und die\u00a0Freude war umso gr\u00f6\u00dfer, als\u00a0Farrow &amp; Ball uns einen kleinen 5-Liter-Eimer f\u00fcr dieses Projekt kostenlos zur Verf\u00fcgung gestellt hat.* Das Grau sieht super schick aus zu den wei\u00dfen T\u00fcren und Fu\u00dfleisten und auch zu den wei\u00dfen Vorh\u00e4ngen des Schranks bildet es einen tollen Kontrast.<\/p>\n<p><img loading=\"lazy\" decoding=\"async\" class=\"aligncenter size-full wp-image-6441\" src=\"https:\/\/www.decorize.de\/blog\/wp-content\/uploads\/2016\/04\/FB-Collage.jpg\" alt=\"F&amp;B Collage\" width=\"750\" height=\"375\" srcset=\"https:\/\/www.decorize.de\/blog\/wp-content\/uploads\/2016\/04\/FB-Collage.jpg 750w, https:\/\/www.decorize.de\/blog\/wp-content\/uploads\/2016\/04\/FB-Collage-300x150.jpg 300w, https:\/\/www.decorize.de\/blog\/wp-content\/uploads\/2016\/04\/FB-Collage-600x300.jpg 600w, https:\/\/www.decorize.de\/blog\/wp-content\/uploads\/2016\/04\/FB-Collage-250x125.jpg 250w\" sizes=\"(max-width: 750px) 100vw, 750px\" \/><\/p>\n<p>Das Besondere an den Farben &#8211; neben der Namen &#8211;\u00a0ist die Zusammensetzung. Denn die Farben sind alle wasserbasiert und weisen nur geringe oder minimale fl\u00fcchtige organische Verbindungen, z.B. in Form von L\u00f6sungsmitteln, auf. Dadurch gelangen wesentlich weniger Schadstoffe w\u00e4hrend der Trocknens in die Umwelt, und die Farbe ist besonders geruchsarm. Perfekt also\u00a0f\u00fcr den Gebrauch im h\u00e4uslichen Umfeld.<\/p>\n<p>Dann haben wir uns an den\u00a0&#8220;Kleiderschrank&#8221; gemacht und daf\u00fcr als erstes\u00a0eine Fu\u00dfleiste auf der H\u00e4lfte der Dachschr\u00e4ge\u00a0angebracht, hinter der eine Gardinen-Schiene Platz findet. Um es auch gleich ein bisschen gem\u00fctlicher zu\u00a0machen, hat sich noch eine Lichtleiste dazugesellt, die die Lieblings-Tochter mit einem Schalter am Bett bedienen kann. F\u00fcr die Elektrik ist selbstverst\u00e4ndlich der Lieblings-Mann zust\u00e4ndig, da\u00a0trau ich mich nicht ran. Da haben wir eine klare Arbeitsaufteilung:\u00a0ich h\u00fcbsch &#8211; er technisch.<\/p>\n<p><img loading=\"lazy\" decoding=\"async\" class=\"aligncenter size-full wp-image-6440\" src=\"https:\/\/www.decorize.de\/blog\/wp-content\/uploads\/2016\/04\/Dachschr\u00e4gen-Schrank-3032.jpg\" alt=\"Dachschr\u00e4gen Schrank-3032\" width=\"750\" height=\"500\" srcset=\"https:\/\/www.decorize.de\/blog\/wp-content\/uploads\/2016\/04\/Dachschr\u00e4gen-Schrank-3032.jpg 750w, https:\/\/www.decorize.de\/blog\/wp-content\/uploads\/2016\/04\/Dachschr\u00e4gen-Schrank-3032-300x200.jpg 300w, https:\/\/www.decorize.de\/blog\/wp-content\/uploads\/2016\/04\/Dachschr\u00e4gen-Schrank-3032-600x400.jpg 600w, https:\/\/www.decorize.de\/blog\/wp-content\/uploads\/2016\/04\/Dachschr\u00e4gen-Schrank-3032-270x180.jpg 270w, https:\/\/www.decorize.de\/blog\/wp-content\/uploads\/2016\/04\/Dachschr\u00e4gen-Schrank-3032-250x167.jpg 250w\" sizes=\"(max-width: 750px) 100vw, 750px\" \/><\/p>\n<p>&nbsp;<\/p>\n<p>Um den Kleiderschrank h\u00fcbsch zu verstecken,\u00a0habe ich den IKEA-Vorhang &#8220;Merete&#8221; genommen, auf die\u00a0entsprechende L\u00e4nge gek\u00fcrzt und Gardinenband und goldene Paillettensterne angebracht. Letztere hab ich bei DaWanda entdeckt &#8211; die\u00a0braucht man nur mit dem B\u00fcgeleisen auf den Stoff aufzub\u00fcgeln. Geht super schnell und einfach! Schaut mal <a href=\"http:\/\/de.dawanda.com\/product\/96801251-aufbuegler---pailletten---stern\" target=\"_blank\" rel=\"nofollow\">hier<\/a>\u00a0&#8211; gibt&#8217;s in viele Farben.<\/p>\n<p><img loading=\"lazy\" decoding=\"async\" class=\"aligncenter size-full wp-image-6445\" src=\"https:\/\/www.decorize.de\/blog\/wp-content\/uploads\/2016\/04\/Dachschr\u00e4gen-Schrank-3022.jpg\" alt=\"Dachschr\u00e4gen Schrank-3022\" width=\"750\" height=\"500\" srcset=\"https:\/\/www.decorize.de\/blog\/wp-content\/uploads\/2016\/04\/Dachschr\u00e4gen-Schrank-3022.jpg 750w, https:\/\/www.decorize.de\/blog\/wp-content\/uploads\/2016\/04\/Dachschr\u00e4gen-Schrank-3022-300x200.jpg 300w, https:\/\/www.decorize.de\/blog\/wp-content\/uploads\/2016\/04\/Dachschr\u00e4gen-Schrank-3022-600x400.jpg 600w, https:\/\/www.decorize.de\/blog\/wp-content\/uploads\/2016\/04\/Dachschr\u00e4gen-Schrank-3022-270x180.jpg 270w, https:\/\/www.decorize.de\/blog\/wp-content\/uploads\/2016\/04\/Dachschr\u00e4gen-Schrank-3022-250x167.jpg 250w\" sizes=\"(max-width: 750px) 100vw, 750px\" \/><img loading=\"lazy\" decoding=\"async\" class=\"aligncenter size-full wp-image-6444\" src=\"https:\/\/www.decorize.de\/blog\/wp-content\/uploads\/2016\/04\/Dachschr\u00e4gen-Schrank-3021.jpg\" alt=\"Dachschr\u00e4gen Schrank-3021\" width=\"750\" height=\"500\" srcset=\"https:\/\/www.decorize.de\/blog\/wp-content\/uploads\/2016\/04\/Dachschr\u00e4gen-Schrank-3021.jpg 750w, https:\/\/www.decorize.de\/blog\/wp-content\/uploads\/2016\/04\/Dachschr\u00e4gen-Schrank-3021-300x200.jpg 300w, https:\/\/www.decorize.de\/blog\/wp-content\/uploads\/2016\/04\/Dachschr\u00e4gen-Schrank-3021-600x400.jpg 600w, https:\/\/www.decorize.de\/blog\/wp-content\/uploads\/2016\/04\/Dachschr\u00e4gen-Schrank-3021-270x180.jpg 270w, https:\/\/www.decorize.de\/blog\/wp-content\/uploads\/2016\/04\/Dachschr\u00e4gen-Schrank-3021-250x167.jpg 250w\" sizes=\"(max-width: 750px) 100vw, 750px\" \/><\/p>\n<p>Bevor die\u00a0Vorh\u00e4nge in die Gardinenstange hinter der Fu\u00dfleiste eingef\u00e4delt werden, haben wir noch auf der einen\u00a0Seite des Bettes an die Dachschr\u00e4ge eine Kleiderstange geschraubt und auf die andere Seite eine Kommode platziert. Und\u00a0jetzt ist die Lieblings-Tochter nicht nur den sperrigen Kleiderschrank aus ihrem Zimmer los, sondern hat auch noch eine super Kuschel-Ecken-Schlafh\u00f6hle hinter ihrem Vorhang, die ich noch mit einem kleinen Handlettering-Motiv verziert hab.<\/p>\n<p><img loading=\"lazy\" decoding=\"async\" class=\"aligncenter size-full wp-image-6448\" src=\"https:\/\/www.decorize.de\/blog\/wp-content\/uploads\/2016\/04\/Dachschr\u00e4gen-Schrank-3031.jpg\" alt=\"Dachschr\u00e4gen Schrank-3031\" width=\"750\" height=\"500\" srcset=\"https:\/\/www.decorize.de\/blog\/wp-content\/uploads\/2016\/04\/Dachschr\u00e4gen-Schrank-3031.jpg 750w, https:\/\/www.decorize.de\/blog\/wp-content\/uploads\/2016\/04\/Dachschr\u00e4gen-Schrank-3031-300x200.jpg 300w, https:\/\/www.decorize.de\/blog\/wp-content\/uploads\/2016\/04\/Dachschr\u00e4gen-Schrank-3031-600x400.jpg 600w, https:\/\/www.decorize.de\/blog\/wp-content\/uploads\/2016\/04\/Dachschr\u00e4gen-Schrank-3031-270x180.jpg 270w, https:\/\/www.decorize.de\/blog\/wp-content\/uploads\/2016\/04\/Dachschr\u00e4gen-Schrank-3031-250x167.jpg 250w\" sizes=\"(max-width: 750px) 100vw, 750px\" \/><img loading=\"lazy\" decoding=\"async\" class=\"aligncenter size-full wp-image-6449\" src=\"https:\/\/www.decorize.de\/blog\/wp-content\/uploads\/2016\/04\/Dachschr\u00e4gen-Schrank-3033.jpg\" alt=\"Dachschr\u00e4gen Schrank-3033\" width=\"750\" height=\"500\" srcset=\"https:\/\/www.decorize.de\/blog\/wp-content\/uploads\/2016\/04\/Dachschr\u00e4gen-Schrank-3033.jpg 750w, https:\/\/www.decorize.de\/blog\/wp-content\/uploads\/2016\/04\/Dachschr\u00e4gen-Schrank-3033-300x200.jpg 300w, https:\/\/www.decorize.de\/blog\/wp-content\/uploads\/2016\/04\/Dachschr\u00e4gen-Schrank-3033-600x400.jpg 600w, https:\/\/www.decorize.de\/blog\/wp-content\/uploads\/2016\/04\/Dachschr\u00e4gen-Schrank-3033-270x180.jpg 270w, https:\/\/www.decorize.de\/blog\/wp-content\/uploads\/2016\/04\/Dachschr\u00e4gen-Schrank-3033-250x167.jpg 250w\" sizes=\"(max-width: 750px) 100vw, 750px\" \/><\/p>\n<p><img loading=\"lazy\" decoding=\"async\" class=\"aligncenter size-full wp-image-6450\" src=\"https:\/\/www.decorize.de\/blog\/wp-content\/uploads\/2016\/04\/Collage-schrank.jpg\" alt=\"Collage schrank\" width=\"750\" height=\"375\" srcset=\"https:\/\/www.decorize.de\/blog\/wp-content\/uploads\/2016\/04\/Collage-schrank.jpg 750w, https:\/\/www.decorize.de\/blog\/wp-content\/uploads\/2016\/04\/Collage-schrank-300x150.jpg 300w, https:\/\/www.decorize.de\/blog\/wp-content\/uploads\/2016\/04\/Collage-schrank-600x300.jpg 600w, https:\/\/www.decorize.de\/blog\/wp-content\/uploads\/2016\/04\/Collage-schrank-250x125.jpg 250w\" sizes=\"(max-width: 750px) 100vw, 750px\" \/><img loading=\"lazy\" decoding=\"async\" class=\"aligncenter size-full wp-image-6447\" src=\"https:\/\/www.decorize.de\/blog\/wp-content\/uploads\/2016\/04\/Dachschr\u00e4gen-Schrank-3026.jpg\" alt=\"Dachschr\u00e4gen Schrank-3026\" width=\"750\" height=\"500\" srcset=\"https:\/\/www.decorize.de\/blog\/wp-content\/uploads\/2016\/04\/Dachschr\u00e4gen-Schrank-3026.jpg 750w, https:\/\/www.decorize.de\/blog\/wp-content\/uploads\/2016\/04\/Dachschr\u00e4gen-Schrank-3026-300x200.jpg 300w, https:\/\/www.decorize.de\/blog\/wp-content\/uploads\/2016\/04\/Dachschr\u00e4gen-Schrank-3026-600x400.jpg 600w, https:\/\/www.decorize.de\/blog\/wp-content\/uploads\/2016\/04\/Dachschr\u00e4gen-Schrank-3026-270x180.jpg 270w, https:\/\/www.decorize.de\/blog\/wp-content\/uploads\/2016\/04\/Dachschr\u00e4gen-Schrank-3026-250x167.jpg 250w\" sizes=\"(max-width: 750px) 100vw, 750px\" \/><\/p>\n<p>&nbsp;<\/p>\n<p>Ich freu mich jedes Mal, wenn ich jetzt das Zimmer betrete! Und noch viel mehr, wenn ich dann hinter dem Vorhang ein eingekuscheltes lesendes Kind finde. Eigentlich h\u00e4tte ich auch gern so einen Ort f\u00fcr mich&#8230; Ihr nicht auch?<\/p>\n<p>Macht&#8217;s Euch kuschelig, Ihr Lieben!<\/p>\n<p>Eure<\/p>\n<p><img loading=\"lazy\" decoding=\"async\" class=\"size-full wp-image-355 alignleft\" src=\"https:\/\/www.decorize.de\/blog\/wp-content\/uploads\/2014\/01\/Blog-Signatur-e1390738164113.png\" alt=\"Blog Signatur\" width=\"300\" height=\"118\" srcset=\"https:\/\/www.decorize.de\/blog\/wp-content\/uploads\/2014\/01\/Blog-Signatur-e1390738164113.png 300w, https:\/\/www.decorize.de\/blog\/wp-content\/uploads\/2014\/01\/Blog-Signatur-e1390738164113-250x98.png 250w\" sizes=\"(max-width: 300px) 100vw, 300px\" \/><\/p>\n<p>&nbsp;<\/p>\n<p>&nbsp;<\/p>\n<p>&nbsp;<\/p>\n<p>&nbsp;<\/p>\n<p>* Vielen Dank, liebe Svenja von der <a href=\"http:\/\/www.segmenta.de\/\" data-slimstat-clicked=\"false\" data-slimstat-type=\"0\" data-slimstat-tracking=\"true\" data-slimstat-callback=\"true\" data-slimstat-async=\"false\" target=\"_blank\" rel=\"nofollow\">Agentur Segmenta<\/a>!<\/p>\n<p><img loading=\"lazy\" decoding=\"async\" class=\"aligncenter size-full wp-image-6480\" src=\"https:\/\/www.decorize.de\/blog\/wp-content\/uploads\/2016\/04\/pinterest-e1460616048132.jpg\" alt=\"pinterest\" width=\"495\" height=\"750\" srcset=\"https:\/\/www.decorize.de\/blog\/wp-content\/uploads\/2016\/04\/pinterest-e1460616048132.jpg 495w, https:\/\/www.decorize.de\/blog\/wp-content\/uploads\/2016\/04\/pinterest-e1460616048132-250x379.jpg 250w, https:\/\/www.decorize.de\/blog\/wp-content\/uploads\/2016\/04\/pinterest-e1460616048132-300x455.jpg 300w\" sizes=\"(max-width: 495px) 100vw, 495px\" \/><\/p>\n<p>&nbsp;<\/p>\n<p>Verlinkt bei <a href=\"http:\/\/miss-red-fox.de\/2016\/04\/nicelittlethingsaround-13.html\" target=\"_blank\" rel=\"nofollow\">Miss red Fox<\/a>\u00a0und <a href=\"http:\/\/frollein-pfau.blogspot.de\/search\/label\/MMi\" target=\"_blank\" rel=\"nofollow\">Frollein Pfau\u00a0<\/a>und Deko-Donnerstag von <a href=\"http:\/\/ladystil.blogspot.de\/\" target=\"_blank\" rel=\"nofollow\">Ladystil<\/a>.<\/p>\n<p>&nbsp;<\/p>\n<p>&nbsp;<\/p>\n","protected":false},"excerpt":{"rendered":"<p>Jeder mit Dachschr\u00e4gen in Haus oder Wohnung kennt wahrscheinlich das Problem: total gem\u00fctlich, aber total unpraktisch, wenn&#8217;s um Staufl\u00e4che geht!<\/p>\n","protected":false},"author":624,"featured_media":6455,"comment_status":"open","ping_status":"open","sticky":false,"template":"","format":"standard","meta":{"ngg_post_thumbnail":0,"jetpack_post_was_ever_published":false,"_jetpack_newsletter_access":"","_jetpack_dont_email_post_to_subs":false,"_jetpack_newsletter_tier_id":0,"_jetpack_memberships_contains_paywalled_content":false,"_jetpack_memberships_contains_paid_content":false,"footnotes":"","jetpack_publicize_message":"","jetpack_publicize_feature_enabled":true,"jetpack_social_post_already_shared":true,"jetpack_social_options":{"image_generator_settings":{"template":"highway","enabled":false},"version":2}},"categories":[28],"tags":[87,81,86,80,85,82,84,83],"class_list":{"0":"post-6401","1":"post","2":"type-post","3":"status-publish","4":"format-standard","5":"has-post-thumbnail","7":"category-homestyling","8":"tag-bett","9":"tag-dachschraege","10":"tag-einbauschrank","11":"tag-kleiderschrank","12":"tag-sterne","13":"tag-streichen","14":"tag-vorhang","15":"tag-wandfarbe"},"jetpack_publicize_connections":[],"jetpack_sharing_enabled":true,"jetpack_featured_media_url":"https:\/\/www.decorize.de\/blog\/wp-content\/uploads\/2016\/04\/Dachschr\u00e4gen-Schrank-beitragsbild.jpg","jetpack_shortlink":"https:\/\/wp.me\/p77wUQ-1Ff","_links":{"self":[{"href":"https:\/\/www.decorize.de\/blog\/wp-json\/wp\/v2\/posts\/6401"}],"collection":[{"href":"https:\/\/www.decorize.de\/blog\/wp-json\/wp\/v2\/posts"}],"about":[{"href":"https:\/\/www.decorize.de\/blog\/wp-json\/wp\/v2\/types\/post"}],"author":[{"embeddable":true,"href":"https:\/\/www.decorize.de\/blog\/wp-json\/wp\/v2\/users\/624"}],"replies":[{"embeddable":true,"href":"https:\/\/www.decorize.de\/blog\/wp-json\/wp\/v2\/comments?post=6401"}],"version-history":[{"count":18,"href":"https:\/\/www.decorize.de\/blog\/wp-json\/wp\/v2\/posts\/6401\/revisions"}],"predecessor-version":[{"id":6549,"href":"https:\/\/www.decorize.de\/blog\/wp-json\/wp\/v2\/posts\/6401\/revisions\/6549"}],"wp:featuredmedia":[{"embeddable":true,"href":"https:\/\/www.decorize.de\/blog\/wp-json\/wp\/v2\/media\/6455"}],"wp:attachment":[{"href":"https:\/\/www.decorize.de\/blog\/wp-json\/wp\/v2\/media?parent=6401"}],"wp:term":[{"taxonomy":"category","embeddable":true,"href":"https:\/\/www.decorize.de\/blog\/wp-json\/wp\/v2\/categories?post=6401"},{"taxonomy":"post_tag","embeddable":true,"href":"https:\/\/www.decorize.de\/blog\/wp-json\/wp\/v2\/tags?post=6401"}],"curies":[{"name":"wp","href":"https:\/\/api.w.org\/{rel}","templated":true}]}}