{"id":4676,"date":"2015-10-24T10:00:00","date_gmt":"2015-10-24T08:00:00","guid":{"rendered":"http:\/\/www.decorize.de\/blog\/?p=4676"},"modified":"2015-10-26T19:10:52","modified_gmt":"2015-10-26T17:10:52","slug":"weihnachtskalorien-zaehlen-nicht-das-grosse-backen","status":"publish","type":"post","link":"https:\/\/www.decorize.de\/blog\/weihnachtskalorien-zaehlen-nicht-das-grosse-backen\/","title":{"rendered":"Weihnachtskalorien z\u00e4hlen nicht &#8211; Das gro\u00dfe Backen"},"content":{"rendered":"<p>In nur 2 Monaten ist schon wieder Weihnachten &#8211; kreisch! Ist das zu glauben? Wie schnell fliegt denn bitte das Jahr schon wieder an uns vorbei?! Wir haben doch gerade erst das Planschbecken aus dem Garten wieder abgebaut und im Keller verstaut! Unglaublich&#8230;.<\/p>\n<p>Na gut, also 8 Wochen noch und es riecht wieder verd\u00e4chtig nach Zimt, kalter Luft und liebevoll verpackten Geschenken. Eigentlich ja super sch\u00f6n, wenn man sich einmal mit dem Gedanken angefreundet hat. \u00a0F\u00fcr uns Zuhause bedeutet das vor allem auch, dass die gro\u00dfe Keksbackerei wieder losgeht, unsere Lieblingsbesch\u00e4ftigung von November bis April.<\/p>\n<p>Jedes Jahr wird das heimische Back-Imperium durch noch mehr\u00a0F\u00f6rmchen, noch mehr Rezepte und noch viel mehr unglaublich n\u00fctzliche und nach allgemeiner M\u00e4nner-Meinung \u00fcberfl\u00fcssige Utensilien\u00a0ausgebaut. Und jedes Jahr wird am Ende der Back-Saison beschlossen &#8220;Jetzt hab ich aber alles, n\u00e4chstes Jahr kaufe ich definitiv nichts Neues mehr&#8221;. Dieser Vorsatz bestand auch in diesem Jahr &#8211; und bis gestern wurde auch eisern an ihm festgehalten. Aber dann passierte es&#8230;.<\/p>\n<p>Wir \u00f6ffneten einen verh\u00e4ngnisvollen Newsletter vom\u00a0<a href=\"http:\/\/www.depot-online.com\/home\" target=\"_blank\" rel=\"nofollow\">Depot<\/a> mit der Ank\u00fcndigung der neuen Sortimente f\u00fcr die diesj\u00e4hrige kalte Jahreszeit. &#8220;Frozen Winter&#8221; hei\u00dft das tolle Sortiment rund ums Backen, das uns kalt erwischt und alle Vors\u00e4tze in Milli-Sekunden vom Tisch gewischt hat.<\/p>\n<p><a href=\"https:\/\/www.decorize.de\/blog\/wp-content\/uploads\/2015\/10\/K\u00fcche.jpg\"><img loading=\"lazy\" decoding=\"async\" class=\"aligncenter size-full wp-image-4859\" src=\"https:\/\/www.decorize.de\/blog\/wp-content\/uploads\/2015\/10\/K\u00fcche.jpg\" alt=\"K\u00fcche\" width=\"820\" height=\"1125\" srcset=\"https:\/\/www.decorize.de\/blog\/wp-content\/uploads\/2015\/10\/K\u00fcche.jpg 820w, https:\/\/www.decorize.de\/blog\/wp-content\/uploads\/2015\/10\/K\u00fcche-250x343.jpg 250w, https:\/\/www.decorize.de\/blog\/wp-content\/uploads\/2015\/10\/K\u00fcche-300x411.jpg 300w, https:\/\/www.decorize.de\/blog\/wp-content\/uploads\/2015\/10\/K\u00fcche-768x1054.jpg 768w, https:\/\/www.decorize.de\/blog\/wp-content\/uploads\/2015\/10\/K\u00fcche-600x823.jpg 600w\" sizes=\"(max-width: 820px) 100vw, 820px\" \/><\/a><\/p>\n<p>Rot und hellblau sind schon seit langem unsere absoluten Weihnachts-Lieblingsfarben, woher wussten die das?! Achja warte mal, Marktforschung hei\u00dft das, glaube ich\u00a0:-)<\/p>\n<p>Vor 2 Jahren haben wir schon unsere <a href=\"http:\/\/www.decorize.de\/index.php\/shop\/schmueck-kisten-1\/schmueck-kiste-weihnachten-1032-detail\" target=\"_blank\">Weihnachts-Schm\u00fcckkiste<\/a> in genau den gleichen Farben designt, wisst ihr noch? Dieses Dekorations-Set f\u00fcr die perfekte Festtafel mit Serviettenringen, Food-Piekern, Girlande, Anh\u00e4ngern, Einladungen, Teller-Tattoos etc. Schaut mal hier, so sah das aus, passt perfekt dazu oder was meint ihr?<\/p>\n<p><a href=\"https:\/\/www.decorize.de\/blog\/wp-content\/uploads\/2015\/10\/Decorize_Weihnachten-001.jpg\"><img loading=\"lazy\" decoding=\"async\" class=\"aligncenter size-full wp-image-4868\" src=\"https:\/\/www.decorize.de\/blog\/wp-content\/uploads\/2015\/10\/Decorize_Weihnachten-001.jpg\" alt=\"Decorize_Weihnachten-001\" width=\"960\" height=\"1078\" srcset=\"https:\/\/www.decorize.de\/blog\/wp-content\/uploads\/2015\/10\/Decorize_Weihnachten-001.jpg 960w, https:\/\/www.decorize.de\/blog\/wp-content\/uploads\/2015\/10\/Decorize_Weihnachten-001-250x281.jpg 250w, https:\/\/www.decorize.de\/blog\/wp-content\/uploads\/2015\/10\/Decorize_Weihnachten-001-300x336.jpg 300w, https:\/\/www.decorize.de\/blog\/wp-content\/uploads\/2015\/10\/Decorize_Weihnachten-001-768x862.jpg 768w, https:\/\/www.decorize.de\/blog\/wp-content\/uploads\/2015\/10\/Decorize_Weihnachten-001-600x674.jpg 600w\" sizes=\"(max-width: 960px) 100vw, 960px\" \/><\/a><\/p>\n<p><a href=\"https:\/\/www.decorize.de\/blog\/wp-content\/uploads\/2015\/10\/Collage-.jpg\"><img loading=\"lazy\" decoding=\"async\" class=\"aligncenter size-full wp-image-4877\" src=\"https:\/\/www.decorize.de\/blog\/wp-content\/uploads\/2015\/10\/Collage-.jpg\" alt=\"Collage\" width=\"1252\" height=\"1071\" srcset=\"https:\/\/www.decorize.de\/blog\/wp-content\/uploads\/2015\/10\/Collage-.jpg 1252w, https:\/\/www.decorize.de\/blog\/wp-content\/uploads\/2015\/10\/Collage--250x214.jpg 250w, https:\/\/www.decorize.de\/blog\/wp-content\/uploads\/2015\/10\/Collage--300x256.jpg 300w, https:\/\/www.decorize.de\/blog\/wp-content\/uploads\/2015\/10\/Collage--768x657.jpg 768w, https:\/\/www.decorize.de\/blog\/wp-content\/uploads\/2015\/10\/Collage--600x513.jpg 600w\" sizes=\"(max-width: 1252px) 100vw, 1252px\" \/><\/a><\/p>\n<p><a href=\"https:\/\/www.decorize.de\/blog\/wp-content\/uploads\/2015\/10\/Schmu\u00a6\u00eack-Kiste_Weihnachten.jpg\"><img loading=\"lazy\" decoding=\"async\" class=\"aligncenter  wp-image-4886\" src=\"https:\/\/www.decorize.de\/blog\/wp-content\/uploads\/2015\/10\/Schmu\u00a6\u00eack-Kiste_Weihnachten.jpg\" alt=\"Schmu\u00a6\u00eack-Kiste_Weihnachten\" width=\"517\" height=\"739\" srcset=\"https:\/\/www.decorize.de\/blog\/wp-content\/uploads\/2015\/10\/Schmu\u00a6\u00eack-Kiste_Weihnachten-300x429.jpg 300w, https:\/\/www.decorize.de\/blog\/wp-content\/uploads\/2015\/10\/Schmu\u00a6\u00eack-Kiste_Weihnachten-768x1100.jpg 768w, https:\/\/www.decorize.de\/blog\/wp-content\/uploads\/2015\/10\/Schmu\u00a6\u00eack-Kiste_Weihnachten-250x358.jpg 250w\" sizes=\"(max-width: 517px) 100vw, 517px\" \/><\/a><\/p>\n<p>Und jetzt kommt das Depot um die Ecke und legt uns seine super h\u00fcbschen Weihnachtsb\u00e4ckerei-Artikel vor die Nase. Keksdosen, Handt\u00fccher, Backhandschuhe, Ausstechf\u00f6rmchen und noch vieles mehr, alles in rot und hellblau, aaaaahhh, akute Kaufrausch-Gefahr!<\/p>\n<p>Super toll, auch noch on top, sozusagen die Kirsche auf der Sahne sind die lustigen Spr\u00fcche wie &#8220;Weihnachtskalorien z\u00e4hlen nicht&#8221; auf Keksdose und Sch\u00fcrze oder &#8220;Wer nascht, der sp\u00fclt&#8221; auf dem Geschirrhandtuch finden wir. Sehr sehr sch\u00f6n :-)<\/p>\n<p><a href=\"https:\/\/www.decorize.de\/blog\/wp-content\/uploads\/2015\/10\/K\u00fcche7.jpg\"><img loading=\"lazy\" decoding=\"async\" class=\"aligncenter size-full wp-image-4860\" src=\"https:\/\/www.decorize.de\/blog\/wp-content\/uploads\/2015\/10\/K\u00fcche7.jpg\" alt=\"K\u00fcche7\" width=\"868\" height=\"818\" srcset=\"https:\/\/www.decorize.de\/blog\/wp-content\/uploads\/2015\/10\/K\u00fcche7.jpg 868w, https:\/\/www.decorize.de\/blog\/wp-content\/uploads\/2015\/10\/K\u00fcche7-250x236.jpg 250w, https:\/\/www.decorize.de\/blog\/wp-content\/uploads\/2015\/10\/K\u00fcche7-300x282.jpg 300w, https:\/\/www.decorize.de\/blog\/wp-content\/uploads\/2015\/10\/K\u00fcche7-768x724.jpg 768w, https:\/\/www.decorize.de\/blog\/wp-content\/uploads\/2015\/10\/K\u00fcche7-600x565.jpg 600w\" sizes=\"(max-width: 868px) 100vw, 868px\" \/><\/a><\/p>\n<p>&nbsp;<\/p>\n<p><a href=\"https:\/\/www.decorize.de\/blog\/wp-content\/uploads\/2015\/10\/K\u00fcche2.jpg\"><img loading=\"lazy\" decoding=\"async\" class=\"aligncenter size-full wp-image-4861\" src=\"https:\/\/www.decorize.de\/blog\/wp-content\/uploads\/2015\/10\/K\u00fcche2.jpg\" alt=\"K\u00fcche2\" width=\"844\" height=\"1125\" srcset=\"https:\/\/www.decorize.de\/blog\/wp-content\/uploads\/2015\/10\/K\u00fcche2.jpg 844w, https:\/\/www.decorize.de\/blog\/wp-content\/uploads\/2015\/10\/K\u00fcche2-300x399.jpg 300w, https:\/\/www.decorize.de\/blog\/wp-content\/uploads\/2015\/10\/K\u00fcche2-768x1024.jpg 768w, https:\/\/www.decorize.de\/blog\/wp-content\/uploads\/2015\/10\/K\u00fcche2-600x800.jpg 600w, https:\/\/www.decorize.de\/blog\/wp-content\/uploads\/2015\/10\/K\u00fcche2-250x333.jpg 250w\" sizes=\"(max-width: 844px) 100vw, 844px\" \/><\/a><\/p>\n<p>&nbsp;<\/p>\n<p>Auch immer wieder toll sind die Backmischungen zum Verschenken. Die gab es glaube ich letztes Jahr auch schon und sie sehen wieder wunderh\u00fcbsch aus. Normalerweise machen wir solche Dinge Zuhause selbst und verschenken sie an gute Freunde, aber manchmal, wenn es so gut gemacht ist und so lecker klingt, darf es auch gekauft sein finden wir. Cranberry Cookies, yummie!!<\/p>\n<p><a href=\"https:\/\/www.decorize.de\/blog\/wp-content\/uploads\/2015\/10\/K\u00fcche5.jpg\"><img loading=\"lazy\" decoding=\"async\" class=\"aligncenter size-full wp-image-4862\" src=\"https:\/\/www.decorize.de\/blog\/wp-content\/uploads\/2015\/10\/K\u00fcche5.jpg\" alt=\"K\u00fcche5\" width=\"852\" height=\"780\" srcset=\"https:\/\/www.decorize.de\/blog\/wp-content\/uploads\/2015\/10\/K\u00fcche5.jpg 852w, https:\/\/www.decorize.de\/blog\/wp-content\/uploads\/2015\/10\/K\u00fcche5-250x229.jpg 250w, https:\/\/www.decorize.de\/blog\/wp-content\/uploads\/2015\/10\/K\u00fcche5-300x274.jpg 300w, https:\/\/www.decorize.de\/blog\/wp-content\/uploads\/2015\/10\/K\u00fcche5-768x703.jpg 768w, https:\/\/www.decorize.de\/blog\/wp-content\/uploads\/2015\/10\/K\u00fcche5-600x549.jpg 600w\" sizes=\"(max-width: 852px) 100vw, 852px\" \/><\/a><\/p>\n<p>&nbsp;<\/p>\n<p><a href=\"https:\/\/www.decorize.de\/blog\/wp-content\/uploads\/2015\/10\/K\u00fcche3.jpg\"><img loading=\"lazy\" decoding=\"async\" class=\"aligncenter size-full wp-image-4863\" src=\"https:\/\/www.decorize.de\/blog\/wp-content\/uploads\/2015\/10\/K\u00fcche3.jpg\" alt=\"K\u00fcche3\" width=\"984\" height=\"1125\" srcset=\"https:\/\/www.decorize.de\/blog\/wp-content\/uploads\/2015\/10\/K\u00fcche3.jpg 984w, https:\/\/www.decorize.de\/blog\/wp-content\/uploads\/2015\/10\/K\u00fcche3-250x286.jpg 250w, https:\/\/www.decorize.de\/blog\/wp-content\/uploads\/2015\/10\/K\u00fcche3-300x342.jpg 300w, https:\/\/www.decorize.de\/blog\/wp-content\/uploads\/2015\/10\/K\u00fcche3-768x878.jpg 768w, https:\/\/www.decorize.de\/blog\/wp-content\/uploads\/2015\/10\/K\u00fcche3-600x686.jpg 600w\" sizes=\"(max-width: 984px) 100vw, 984px\" \/><\/a><\/p>\n<p>Unser pers\u00f6nliches Highlight als bekennende Verpackungs-Fetischisten sind aber eindeutig die unglaublich tollen Keksdosen. Schaut euch mal bitte den Mini-Backofen an, ist das nicht hinrei\u00dfend?? Super s\u00fc\u00df !!!!!<\/p>\n<p><a href=\"https:\/\/www.decorize.de\/blog\/wp-content\/uploads\/2015\/10\/K\u00fcche6.jpg\"><img loading=\"lazy\" decoding=\"async\" class=\"aligncenter size-full wp-image-4864\" src=\"https:\/\/www.decorize.de\/blog\/wp-content\/uploads\/2015\/10\/K\u00fcche6.jpg\" alt=\"K\u00fcche6\" width=\"800\" height=\"1103\" srcset=\"https:\/\/www.decorize.de\/blog\/wp-content\/uploads\/2015\/10\/K\u00fcche6.jpg 800w, https:\/\/www.decorize.de\/blog\/wp-content\/uploads\/2015\/10\/K\u00fcche6-250x345.jpg 250w, https:\/\/www.decorize.de\/blog\/wp-content\/uploads\/2015\/10\/K\u00fcche6-300x413.jpg 300w, https:\/\/www.decorize.de\/blog\/wp-content\/uploads\/2015\/10\/K\u00fcche6-768x1059.jpg 768w, https:\/\/www.decorize.de\/blog\/wp-content\/uploads\/2015\/10\/K\u00fcche6-600x827.jpg 600w\" sizes=\"(max-width: 800px) 100vw, 800px\" \/><\/a><\/p>\n<p>&nbsp;<\/p>\n<p><a href=\"https:\/\/www.decorize.de\/blog\/wp-content\/uploads\/2015\/10\/K\u00fcche4.jpg\"><img loading=\"lazy\" decoding=\"async\" class=\"aligncenter size-full wp-image-4865\" src=\"https:\/\/www.decorize.de\/blog\/wp-content\/uploads\/2015\/10\/K\u00fcche4.jpg\" alt=\"K\u00fcche4\" width=\"844\" height=\"1125\" srcset=\"https:\/\/www.decorize.de\/blog\/wp-content\/uploads\/2015\/10\/K\u00fcche4.jpg 844w, https:\/\/www.decorize.de\/blog\/wp-content\/uploads\/2015\/10\/K\u00fcche4-300x399.jpg 300w, https:\/\/www.decorize.de\/blog\/wp-content\/uploads\/2015\/10\/K\u00fcche4-768x1024.jpg 768w, https:\/\/www.decorize.de\/blog\/wp-content\/uploads\/2015\/10\/K\u00fcche4-600x800.jpg 600w, https:\/\/www.decorize.de\/blog\/wp-content\/uploads\/2015\/10\/K\u00fcche4-250x333.jpg 250w\" sizes=\"(max-width: 844px) 100vw, 844px\" \/><\/a><\/p>\n<p>&nbsp;<\/p>\n<p>So, genug geschw\u00e4rmt, sonst denkt ihr noch das Depot bezahlt uns daf\u00fcr :-)<\/p>\n<p>Aber im ernst, das sind ganz tolle Sachen, oder? Ab dem 29. Oktober ist das alles im Handel und wir wollten es euch nur schon mal schnell vorab zeigen, damit ihr genau wie wir schnell hinsprinten k\u00f6nnt, sobald es soweit ist.<\/p>\n<p>Habt viel Spa\u00df in der diesj\u00e4hrigen Back-Saison und lasst kein Backblech leer,<\/p>\n<p>eure<\/p>\n<p><a href=\"https:\/\/www.decorize.de\/blog\/wp-content\/uploads\/2014\/01\/Blog-Signatur-e1390738164113.png\"><img loading=\"lazy\" decoding=\"async\" class=\"size-full wp-image-355 alignleft\" src=\"https:\/\/www.decorize.de\/blog\/wp-content\/uploads\/2014\/01\/Blog-Signatur-e1390738164113.png\" alt=\"Blog Signatur\" width=\"300\" height=\"118\" srcset=\"https:\/\/www.decorize.de\/blog\/wp-content\/uploads\/2014\/01\/Blog-Signatur-e1390738164113.png 300w, https:\/\/www.decorize.de\/blog\/wp-content\/uploads\/2014\/01\/Blog-Signatur-e1390738164113-250x98.png 250w\" sizes=\"(max-width: 300px) 100vw, 300px\" \/><\/a><\/p>\n<p>Foto-Credits: DEPOT<\/p>\n","protected":false},"excerpt":{"rendered":"<p>In nur 2 Monaten ist schon wieder Weihnachten &#8211; kreisch! Ist das zu glauben? Wie schnell fliegt denn bitte das<\/p>\n","protected":false},"author":358,"featured_media":4885,"comment_status":"open","ping_status":"open","sticky":false,"template":"","format":"standard","meta":{"ngg_post_thumbnail":0,"jetpack_post_was_ever_published":false,"_jetpack_newsletter_access":"","_jetpack_dont_email_post_to_subs":false,"_jetpack_newsletter_tier_id":0,"_jetpack_memberships_contains_paywalled_content":false,"_jetpack_memberships_contains_paid_content":false,"footnotes":"","jetpack_publicize_message":"","jetpack_publicize_feature_enabled":true,"jetpack_social_post_already_shared":false,"jetpack_social_options":{"image_generator_settings":{"template":"highway","enabled":false},"version":2}},"categories":[1,28],"tags":[],"class_list":{"0":"post-4676","1":"post","2":"type-post","3":"status-publish","4":"format-standard","5":"has-post-thumbnail","7":"category-allgemein","8":"category-homestyling"},"jetpack_publicize_connections":[],"jetpack_sharing_enabled":true,"jetpack_featured_media_url":"https:\/\/www.decorize.de\/blog\/wp-content\/uploads\/2015\/10\/Beitragsbild-Depot2.jpg","jetpack_shortlink":"https:\/\/wp.me\/p77wUQ-1dq","_links":{"self":[{"href":"https:\/\/www.decorize.de\/blog\/wp-json\/wp\/v2\/posts\/4676"}],"collection":[{"href":"https:\/\/www.decorize.de\/blog\/wp-json\/wp\/v2\/posts"}],"about":[{"href":"https:\/\/www.decorize.de\/blog\/wp-json\/wp\/v2\/types\/post"}],"author":[{"embeddable":true,"href":"https:\/\/www.decorize.de\/blog\/wp-json\/wp\/v2\/users\/358"}],"replies":[{"embeddable":true,"href":"https:\/\/www.decorize.de\/blog\/wp-json\/wp\/v2\/comments?post=4676"}],"version-history":[{"count":18,"href":"https:\/\/www.decorize.de\/blog\/wp-json\/wp\/v2\/posts\/4676\/revisions"}],"predecessor-version":[{"id":4914,"href":"https:\/\/www.decorize.de\/blog\/wp-json\/wp\/v2\/posts\/4676\/revisions\/4914"}],"wp:featuredmedia":[{"embeddable":true,"href":"https:\/\/www.decorize.de\/blog\/wp-json\/wp\/v2\/media\/4885"}],"wp:attachment":[{"href":"https:\/\/www.decorize.de\/blog\/wp-json\/wp\/v2\/media?parent=4676"}],"wp:term":[{"taxonomy":"category","embeddable":true,"href":"https:\/\/www.decorize.de\/blog\/wp-json\/wp\/v2\/categories?post=4676"},{"taxonomy":"post_tag","embeddable":true,"href":"https:\/\/www.decorize.de\/blog\/wp-json\/wp\/v2\/tags?post=4676"}],"curies":[{"name":"wp","href":"https:\/\/api.w.org\/{rel}","templated":true}]}}