{"id":3912,"date":"2015-06-11T10:51:00","date_gmt":"2015-06-11T08:51:00","guid":{"rendered":"http:\/\/www.decorize.de\/blog\/?p=3912"},"modified":"2015-06-11T10:51:06","modified_gmt":"2015-06-11T08:51:06","slug":"tag-der-handarbeit","status":"publish","type":"post","link":"https:\/\/www.decorize.de\/blog\/tag-der-handarbeit\/","title":{"rendered":"Ein St\u00fcck Gl\u00fcck basteln f\u00fcr die Aktion \u201eKreativ  f\u00fcr Kinder\u201c! Seid dabei und helft uns helfen!"},"content":{"rendered":"<p>Am 13. Juni ist der Tag der Handarbeit und diesmal basteln wir nicht f\u00fcr uns, sondern viel viel sch\u00f6ner und wichtiger: f\u00fcr benachteiligte Kinder in Deutschland!<\/p>\n<p>Zusammen mit\u00a07 weiteren wundersch\u00f6nen Blogs haben wir uns der Initiative Handarbeit angeschlossen, die sich seit mehreren Jahren zusammen mit dem Bundesverband Deutsche Tafeln e.V. f\u00fcr die gute Aktion \u201eKreativ f\u00fcr Kinder\u201c engagiert. Und Ihr k\u00f6nnt auch mitmachen!<\/p>\n<p><a href=\"https:\/\/www.decorize.de\/blog\/wp-content\/uploads\/2015\/06\/flyertitel.bloggroesse.jpg\"><img loading=\"lazy\" decoding=\"async\" class=\"aligncenter size-full wp-image-4045\" src=\"https:\/\/www.decorize.de\/blog\/wp-content\/uploads\/2015\/06\/flyertitel.bloggroesse.jpg\" alt=\"flyertitel.bloggroesse\" width=\"850\" height=\"311\" srcset=\"https:\/\/www.decorize.de\/blog\/wp-content\/uploads\/2015\/06\/flyertitel.bloggroesse.jpg 850w, https:\/\/www.decorize.de\/blog\/wp-content\/uploads\/2015\/06\/flyertitel.bloggroesse-300x109.jpg 300w, https:\/\/www.decorize.de\/blog\/wp-content\/uploads\/2015\/06\/flyertitel.bloggroesse-768x281.jpg 768w, https:\/\/www.decorize.de\/blog\/wp-content\/uploads\/2015\/06\/flyertitel.bloggroesse-600x220.jpg 600w, https:\/\/www.decorize.de\/blog\/wp-content\/uploads\/2015\/06\/flyertitel.bloggroesse-250x91.jpg 250w\" sizes=\"(max-width: 850px) 100vw, 850px\" \/><\/a><\/p>\n<p>&nbsp;<\/p>\n<p>\u201eJeder macht, was er kann\u201c lautet das Motto, unter dem man f\u00fcr M\u00e4dchen und Jungen aus wirtschaftlich benachteiligten Familien stricken, h\u00e4keln und n\u00e4hen kann. Ob modische Accessoires, lustige Kuscheltiere, Socken oder warme Pullover: Die kreative Hilfe kommt an, denn die selbstgemachten Spenden werden von der Initiative Handarbeit bis Ende August gesammelt und in Deutschland von den Tafeln in der Region verteilt.<\/p>\n<p>In den vergangenen Jahren konnten \u00fcber 10.000 selbstgemachte Geschenke weitergegeben werden.<\/p>\n<p>Da m\u00f6chten wir dabei sein, haben wir zusammen mit <a href=\"http:\/\/www.happyhomeblog.de\/\" target=\"_blank\" rel=\"nofollow\">Happy HomeBlog<\/a>, <a href=\"https:\/\/craftyneighboursclub.wordpress.com\/\" target=\"_blank\" rel=\"nofollow\">Crafty Neighbours Club<\/a>, <a href=\"http:\/\/rheinherztelbe.de\/\" target=\"_blank\" rel=\"nofollow\">Rhein herzt Elbe<\/a>, <a href=\"http:\/\/www.fruehstueckbeiemma.blogspot.de\/\" target=\"_blank\" rel=\"nofollow\">Fr\u00fchst\u00fcck bei Emma<\/a>, <a href=\"http:\/\/hauptstadtpuppi.blogspot.de\/\" target=\"_blank\" rel=\"nofollow\">Hauptstadtpuppi<\/a>, <a href=\"http:\/\/www.pheminific.de\/\" target=\"_blank\" rel=\"nofollow\">Pheminific<\/a> und <a href=\"http:\/\/www.serendipity-blog.de\/\" target=\"_blank\" rel=\"nofollow\">Serendipity <\/a>beschlossen! Und so werden wir in den n\u00e4chsten Wochen kr\u00e4ftig H\u00e4keln, N\u00e4hen, Stricken, Stoffbeutel gestalten oder mit Papier arbeiten, um unser St\u00fcck selbstgemachtes Gl\u00fcck f\u00fcr die Kinder zu fertigen und den Familien eine gro\u00dfe Freude zu bereiten!<\/p>\n<p><em><a href=\"https:\/\/www.decorize.de\/blog\/wp-content\/uploads\/2015\/06\/collage.blogs1_.jpg\"><img loading=\"lazy\" decoding=\"async\" class=\"aligncenter size-full wp-image-4047\" src=\"https:\/\/www.decorize.de\/blog\/wp-content\/uploads\/2015\/06\/collage.blogs1_.jpg\" alt=\"collage.blogs1\" width=\"850\" height=\"283\" srcset=\"https:\/\/www.decorize.de\/blog\/wp-content\/uploads\/2015\/06\/collage.blogs1_.jpg 850w, https:\/\/www.decorize.de\/blog\/wp-content\/uploads\/2015\/06\/collage.blogs1_-300x99.jpg 300w, https:\/\/www.decorize.de\/blog\/wp-content\/uploads\/2015\/06\/collage.blogs1_-768x256.jpg 768w, https:\/\/www.decorize.de\/blog\/wp-content\/uploads\/2015\/06\/collage.blogs1_-600x200.jpg 600w, https:\/\/www.decorize.de\/blog\/wp-content\/uploads\/2015\/06\/collage.blogs1_-250x83.jpg 250w\" sizes=\"(max-width: 850px) 100vw, 850px\" \/><\/a> <a href=\"https:\/\/www.decorize.de\/blog\/wp-content\/uploads\/2015\/06\/collage.blogs2_.jpg\"><img loading=\"lazy\" decoding=\"async\" class=\"aligncenter size-full wp-image-4048\" src=\"https:\/\/www.decorize.de\/blog\/wp-content\/uploads\/2015\/06\/collage.blogs2_.jpg\" alt=\"collage.blogs2\" width=\"850\" height=\"283\" srcset=\"https:\/\/www.decorize.de\/blog\/wp-content\/uploads\/2015\/06\/collage.blogs2_.jpg 850w, https:\/\/www.decorize.de\/blog\/wp-content\/uploads\/2015\/06\/collage.blogs2_-300x99.jpg 300w, https:\/\/www.decorize.de\/blog\/wp-content\/uploads\/2015\/06\/collage.blogs2_-768x256.jpg 768w, https:\/\/www.decorize.de\/blog\/wp-content\/uploads\/2015\/06\/collage.blogs2_-600x200.jpg 600w, https:\/\/www.decorize.de\/blog\/wp-content\/uploads\/2015\/06\/collage.blogs2_-250x83.jpg 250w\" sizes=\"(max-width: 850px) 100vw, 850px\" \/><\/a><\/em><\/p>\n<p>&nbsp;<\/p>\n<p>Seid Ihr auch dabei? Wir m\u00f6chten zeigen, wie viel die immer gr\u00f6\u00dfer werdende DIY-Community gemeinsam bewirken kann und w\u00fcrden wir uns ein Loch in den Bauch freuen, wenn m\u00f6glichst viele von Euch mitmachen! Denn gemeinsam helfen ist leichter und macht mehr Spa\u00df.<br \/>\nDie Kids k\u00f6nnen alles gebrauchen! Ob lustige Kuscheltiere, Socken oder warme Pullover und Decken. Das Motto hei\u00dft ja \u201eJeder macht, was er kann\u201c und die Kinder werden f\u00fcr alles unendlich dankbar sein!<\/p>\n<p><a href=\"https:\/\/www.decorize.de\/blog\/wp-content\/uploads\/2015\/06\/collage.initiative.jpg\"><img loading=\"lazy\" decoding=\"async\" class=\"aligncenter size-full wp-image-4046\" src=\"https:\/\/www.decorize.de\/blog\/wp-content\/uploads\/2015\/06\/collage.initiative.jpg\" alt=\"collage.initiative\" width=\"850\" height=\"213\" srcset=\"https:\/\/www.decorize.de\/blog\/wp-content\/uploads\/2015\/06\/collage.initiative.jpg 850w, https:\/\/www.decorize.de\/blog\/wp-content\/uploads\/2015\/06\/collage.initiative-250x63.jpg 250w, https:\/\/www.decorize.de\/blog\/wp-content\/uploads\/2015\/06\/collage.initiative-300x75.jpg 300w, https:\/\/www.decorize.de\/blog\/wp-content\/uploads\/2015\/06\/collage.initiative-768x192.jpg 768w, https:\/\/www.decorize.de\/blog\/wp-content\/uploads\/2015\/06\/collage.initiative-600x150.jpg 600w\" sizes=\"(max-width: 850px) 100vw, 850px\" \/><\/a><\/p>\n<p>&nbsp;<\/p>\n<p>Falls Ihr noch eine Idee braucht, was Ihr werkeln k\u00f6nntet, schaut in der Woche vom 29. Juni auf jeden Fall auf den teilnehmenden Blogs vorbei! Da zeigen wir Euch jeden Tag reihum unser \u201eselbstgemachtes Gl\u00fcck\u201c in Form von Accessoires, Kleidung und Spielzeug \u2013 nat\u00fcrlich mit Anleitung zum Nachmachen!<\/p>\n<p>Euer DIY-Geschenk k\u00f6nnt Ihr dann einfach an uns schicken, und wir sammeln und \u00fcbergeben es Ende August an den teilnehmenden H\u00e4ndler und unseren Partner VBS Hobby, der es an die Tafel weiterleitet.<\/p>\n<p>Hier die Adresse: Decorize, Classenstieg 17a, 22391 Hamburg. Schreibt Eure Email dazu, damit wir Euch benachrichtigen k\u00f6nnen, wenn Euer St\u00fcck Gl\u00fcck bei uns eingegangen ist! Und wenn Ihr Lust habt, Fotos von Eurem DIY-Geschenk zu posten, w\u00fcrden wir uns riesig freuen, wenn Ihr den Hashtag <strong>#einstueckglueck<\/strong> benutzen k\u00f6nntet!<\/p>\n<p>Do it yourself &amp; Do it together &#8211; so machen nicht nur die Kreativ-Parties, sondern auch Helfen am meisten Spa\u00df! Also macht mit!<\/p>\n<p>Eure<\/p>\n<p style=\"text-align: left;\"><a href=\"https:\/\/www.decorize.de\/blog\/wp-content\/uploads\/2014\/01\/Blog-Signatur-e1390738164113.png\"><img loading=\"lazy\" decoding=\"async\" class=\"size-full wp-image-355\" src=\"https:\/\/www.decorize.de\/blog\/wp-content\/uploads\/2014\/01\/Blog-Signatur-e1390738164113.png\" alt=\"Blog Signatur\" width=\"300\" height=\"118\" srcset=\"https:\/\/www.decorize.de\/blog\/wp-content\/uploads\/2014\/01\/Blog-Signatur-e1390738164113.png 300w, https:\/\/www.decorize.de\/blog\/wp-content\/uploads\/2014\/01\/Blog-Signatur-e1390738164113-250x98.png 250w\" sizes=\"(max-width: 300px) 100vw, 300px\" \/><\/a><\/p>\n<p>&nbsp;<\/p>\n<p>Und wer am Samstag Lust auf gemeinsames Werkeln hat und in der N\u00e4he von Verden wohnt: <a href=\"http:\/\/www.vbs-hobby.com\/de\/info\/tag-der-handarbeit-245.html?aff=8540\" target=\"_blank\" rel=\"nofollow\">der VBS Bastel-Markt l\u00e4dt zum Mitmachen ein<\/a>! Bei Kaffee und Kuchen wird Baby- und Kinderkleidung gestrickt und geh\u00e4kelt, die dann den benachteiligten Familien zu Gute kommt.<\/p>\n<p>Wann: \u00a0\u00a0\u00a0\u00a0\u00a0\u00a0\u00a0\u00a0\u00a0\u00a0\u00a0 Samstag, 13. Juni 2015, von 10:00 bis 16:00 Uhr<\/p>\n<p>Wo: \u00a0 \u00a0 \u00a0 \u00a0 \u00a0 \u00a0 \u00a0 \u00a0 \u00a0VBS Bastel-Markt, Justus-von-Liebig-Str. 8, 27283 Verden<\/p>\n<p>Jeder kann mitmachen. Einfach Handarbeitsutensilien mitbringen oder diese zu verg\u00fcnstigten Preisen im VBS Bastel-Markt erwerben.<\/p>\n<p>&nbsp;<\/p>\n<p>&nbsp;<\/p>\n<p>&nbsp;<\/p>\n","protected":false},"excerpt":{"rendered":"<p>Am 13. Juni ist der Tag der Handarbeit und diesmal basteln wir nicht f\u00fcr uns, sondern viel viel sch\u00f6ner und<\/p>\n","protected":false},"author":358,"featured_media":4044,"comment_status":"open","ping_status":"open","sticky":false,"template":"","format":"standard","meta":{"ngg_post_thumbnail":0,"jetpack_post_was_ever_published":false,"_jetpack_newsletter_access":"","_jetpack_dont_email_post_to_subs":false,"_jetpack_newsletter_tier_id":0,"_jetpack_memberships_contains_paywalled_content":false,"_jetpack_memberships_contains_paid_content":false,"footnotes":"","jetpack_publicize_message":"","jetpack_publicize_feature_enabled":true,"jetpack_social_post_already_shared":false,"jetpack_social_options":{"image_generator_settings":{"template":"highway","enabled":false},"version":2}},"categories":[4],"tags":[],"class_list":{"0":"post-3912","1":"post","2":"type-post","3":"status-publish","4":"format-standard","5":"has-post-thumbnail","7":"category-anleitungen"},"jetpack_publicize_connections":[],"jetpack_sharing_enabled":true,"jetpack_featured_media_url":"https:\/\/www.decorize.de\/blog\/wp-content\/uploads\/2015\/06\/162978_963929_2.jpg","jetpack_shortlink":"https:\/\/wp.me\/p77wUQ-116","_links":{"self":[{"href":"https:\/\/www.decorize.de\/blog\/wp-json\/wp\/v2\/posts\/3912"}],"collection":[{"href":"https:\/\/www.decorize.de\/blog\/wp-json\/wp\/v2\/posts"}],"about":[{"href":"https:\/\/www.decorize.de\/blog\/wp-json\/wp\/v2\/types\/post"}],"author":[{"embeddable":true,"href":"https:\/\/www.decorize.de\/blog\/wp-json\/wp\/v2\/users\/358"}],"replies":[{"embeddable":true,"href":"https:\/\/www.decorize.de\/blog\/wp-json\/wp\/v2\/comments?post=3912"}],"version-history":[{"count":9,"href":"https:\/\/www.decorize.de\/blog\/wp-json\/wp\/v2\/posts\/3912\/revisions"}],"predecessor-version":[{"id":4059,"href":"https:\/\/www.decorize.de\/blog\/wp-json\/wp\/v2\/posts\/3912\/revisions\/4059"}],"wp:featuredmedia":[{"embeddable":true,"href":"https:\/\/www.decorize.de\/blog\/wp-json\/wp\/v2\/media\/4044"}],"wp:attachment":[{"href":"https:\/\/www.decorize.de\/blog\/wp-json\/wp\/v2\/media?parent=3912"}],"wp:term":[{"taxonomy":"category","embeddable":true,"href":"https:\/\/www.decorize.de\/blog\/wp-json\/wp\/v2\/categories?post=3912"},{"taxonomy":"post_tag","embeddable":true,"href":"https:\/\/www.decorize.de\/blog\/wp-json\/wp\/v2\/tags?post=3912"}],"curies":[{"name":"wp","href":"https:\/\/api.w.org\/{rel}","templated":true}]}}