{"id":2253,"date":"2014-12-22T18:06:24","date_gmt":"2014-12-22T17:06:24","guid":{"rendered":"http:\/\/www.decorize.de\/blog\/?p=2253"},"modified":"2020-02-27T12:05:46","modified_gmt":"2020-02-27T11:05:46","slug":"festtafel-zu-weihnachten-tischdekoration","status":"publish","type":"post","link":"https:\/\/www.decorize.de\/blog\/festtafel-zu-weihnachten-tischdekoration\/","title":{"rendered":"Unsere Festtafel zu Weihnachten &#8211; ein Probelauf f\u00fcr die Tischdekoration"},"content":{"rendered":"<p>So, der Countdown l\u00e4uft und die innere &#8220;Hast du an alles gedacht?&#8221;-Stimme wird immer lauter. Sie klingt zwar derzeit wie ein weihnachtlicher&nbsp;Engelschor, aber&nbsp;dennoch ist sie da und fl\u00fcstert die ganze Zeit einen Mischmasch aus &#8221; 8 Entenbr\u00fcste, Ricotta f\u00fcr die Kn\u00f6del, Lego City Polizeistation und Karten verschicken&#8221; in meine Ohren. All die Dinge eben, die auf meiner To Do &#8211; Liste bisher keinen gr\u00fcnen Haken bekommen haben und sehns\u00fcchtig darauf warten. Aber heute habe ich einen gro\u00dfen Teil meiner inneren Unruhe still legen k\u00f6nnen, ich habe n\u00e4mlich die festliche Tischdeko dingfest gemacht und einen Probelauf f\u00fcr die Festtafel zu Weihnachten gefahren! Mein Sohn ist fast ausgeflippt vor Freude, weil er sicher war, dass heute der Weihnachtsmann kommt, wenn Mami heute schon den Tisch so festlich deckt, dass sich nur noch die imagin\u00e4ren G\u00e4ste dazu setzen m\u00fcssen. &nbsp;Ich wei\u00df, das klingt nat\u00fcrlich irgendwie albern, den Tisch schon mal probeweise zu decken, aber hey, es ist doch das wichtigste Fest des Jahres und da soll doch nichts schief gehen ;-)<\/p>\n<p>&nbsp;<\/p>\n<p><a href=\"https:\/\/www.decorize.de\/blog\/wp-content\/uploads\/2014\/12\/Festtafel_lowres-1-von-14.jpg\"><img loading=\"lazy\" decoding=\"async\" class=\"aligncenter wp-image-2265 size-full\" src=\"https:\/\/www.decorize.de\/blog\/wp-content\/uploads\/2014\/12\/Festtafel_lowres-1-von-14.jpg\" alt=\"Festtafel Tischdekoration f\u00fcr Weihnachten\" width=\"750\" height=\"980\" srcset=\"https:\/\/www.decorize.de\/blog\/wp-content\/uploads\/2014\/12\/Festtafel_lowres-1-von-14.jpg 750w, https:\/\/www.decorize.de\/blog\/wp-content\/uploads\/2014\/12\/Festtafel_lowres-1-von-14-250x327.jpg 250w, https:\/\/www.decorize.de\/blog\/wp-content\/uploads\/2014\/12\/Festtafel_lowres-1-von-14-300x392.jpg 300w, https:\/\/www.decorize.de\/blog\/wp-content\/uploads\/2014\/12\/Festtafel_lowres-1-von-14-600x784.jpg 600w\" sizes=\"(max-width: 750px) 100vw, 750px\" \/><\/a><\/p>\n<p>&nbsp;<\/p>\n<p><a href=\"https:\/\/www.decorize.de\/blog\/wp-content\/uploads\/2014\/12\/Festtafel_lowres-8-von-14.jpg\"><img loading=\"lazy\" decoding=\"async\" class=\"aligncenter wp-image-2272 size-full\" src=\"https:\/\/www.decorize.de\/blog\/wp-content\/uploads\/2014\/12\/Festtafel_lowres-8-von-14.jpg\" alt=\"Festtafel Tischdekoration f\u00fcr Weihnachten\" width=\"750\" height=\"1125\" srcset=\"https:\/\/www.decorize.de\/blog\/wp-content\/uploads\/2014\/12\/Festtafel_lowres-8-von-14.jpg 750w, https:\/\/www.decorize.de\/blog\/wp-content\/uploads\/2014\/12\/Festtafel_lowres-8-von-14-300x450.jpg 300w, https:\/\/www.decorize.de\/blog\/wp-content\/uploads\/2014\/12\/Festtafel_lowres-8-von-14-600x900.jpg 600w, https:\/\/www.decorize.de\/blog\/wp-content\/uploads\/2014\/12\/Festtafel_lowres-8-von-14-250x375.jpg 250w\" sizes=\"(max-width: 750px) 100vw, 750px\" \/><\/a><\/p>\n<p>&nbsp;<\/p>\n<p>Dieses Jahr steht bei mir alles im Zeichen der Tafeloptik. Hei\u00dft ja auch FestTAFEL, das habe ich mal w\u00f6rtlich genommen. Es gibt so tolle Tafelfarbe, mit der ich ja sowieso in letzer Zeit alles anpinsele, was nicht niet und nagelfest ist. Aber nun haben Steffi &amp; ich zu allem \u00dcberfluss vor einigen Wochen auch noch im <a href=\"http:\/\/rayher-hobby-shop.de\/\" target=\"_blank\" rel=\"nofollow\">Rayher-Online Shop<\/a>&nbsp;die neue&nbsp;<a href=\"http:\/\/http:\/\/rayher-hobby-shop.de\/Bastelmaterial-1\/Trendthemen\/Tafelfarbe-Zubehoer\/Tafelfarbe-Textil-schwarz.html\" target=\"_blank\" rel=\"nofollow\">Textil-Tafelfarbe<\/a> entdeckt, die ist so toll! Und da stand es fest: die wei\u00dfe Tischdecke bekommt einen schwarzen Tafel-Anstrich und die Servietten gleich mit.<\/p>\n<p>Es ist denkbar einfach, man muss nur einen mehr oder minder gleichm\u00e4\u00dfig breiten Streifen auf der Tischdecke ausmessen und ihn mit Malerkrepp abkleben. Dann mit einem Pinsel die Textil-Tafelfarbe gro\u00dffl\u00e4chig auftragen und trocknen lassen. Auf der Stoffserviette genau das Gleiche. Wenn alles trocken ist, einfach mit ganz normaler Tafelkreide (in diesem Falle bitte keine Kreidestifte benutzen, die eignen sich hierf\u00fcr nicht) drauf schreiben was immer ihr m\u00f6gt. Ein Weihnachtsgedicht, die Namen der G\u00e4ste oder auch das Men\u00fc.<\/p>\n<p>A propos Men\u00fc, schaut mal was wir noch tolles entdeckt haben:<\/p>\n<p>&nbsp;<\/p>\n<p><a href=\"https:\/\/www.decorize.de\/blog\/wp-content\/uploads\/2014\/12\/Festtafel_lowres-3-von-14.jpg\"><img loading=\"lazy\" decoding=\"async\" class=\"aligncenter wp-image-2267 size-full\" src=\"https:\/\/www.decorize.de\/blog\/wp-content\/uploads\/2014\/12\/Festtafel_lowres-3-von-14.jpg\" alt=\"Festtafel Tischdekoration f\u00fcr Weihnachten\" width=\"750\" height=\"1125\" srcset=\"https:\/\/www.decorize.de\/blog\/wp-content\/uploads\/2014\/12\/Festtafel_lowres-3-von-14.jpg 750w, https:\/\/www.decorize.de\/blog\/wp-content\/uploads\/2014\/12\/Festtafel_lowres-3-von-14-300x450.jpg 300w, https:\/\/www.decorize.de\/blog\/wp-content\/uploads\/2014\/12\/Festtafel_lowres-3-von-14-600x900.jpg 600w, https:\/\/www.decorize.de\/blog\/wp-content\/uploads\/2014\/12\/Festtafel_lowres-3-von-14-250x375.jpg 250w\" sizes=\"(max-width: 750px) 100vw, 750px\" \/><\/a><\/p>\n<p>&nbsp;<\/p>\n<p><a href=\"https:\/\/www.decorize.de\/blog\/wp-content\/uploads\/2014\/12\/Festtafel_lowres-12-von-14.jpg\"><img loading=\"lazy\" decoding=\"async\" class=\"aligncenter wp-image-2276 size-full\" src=\"https:\/\/www.decorize.de\/blog\/wp-content\/uploads\/2014\/12\/Festtafel_lowres-12-von-14.jpg\" alt=\"Festtafel Tischdekoration f\u00fcr Weihnachten\" width=\"750\" height=\"500\" srcset=\"https:\/\/www.decorize.de\/blog\/wp-content\/uploads\/2014\/12\/Festtafel_lowres-12-von-14.jpg 750w, https:\/\/www.decorize.de\/blog\/wp-content\/uploads\/2014\/12\/Festtafel_lowres-12-von-14-250x167.jpg 250w, https:\/\/www.decorize.de\/blog\/wp-content\/uploads\/2014\/12\/Festtafel_lowres-12-von-14-300x200.jpg 300w, https:\/\/www.decorize.de\/blog\/wp-content\/uploads\/2014\/12\/Festtafel_lowres-12-von-14-600x400.jpg 600w, https:\/\/www.decorize.de\/blog\/wp-content\/uploads\/2014\/12\/Festtafel_lowres-12-von-14-270x180.jpg 270w\" sizes=\"(max-width: 750px) 100vw, 750px\" \/><\/a><\/p>\n<p>&nbsp;<\/p>\n<p><a href=\"https:\/\/www.decorize.de\/blog\/wp-content\/uploads\/2014\/12\/Festtafel_lowres-5-von-14.jpg\"><img loading=\"lazy\" decoding=\"async\" class=\"aligncenter wp-image-2269 size-full\" src=\"https:\/\/www.decorize.de\/blog\/wp-content\/uploads\/2014\/12\/Festtafel_lowres-5-von-14.jpg\" alt=\"Festtafel Tischdekoration f\u00fcr Weihnachten\" width=\"750\" height=\"1125\" srcset=\"https:\/\/www.decorize.de\/blog\/wp-content\/uploads\/2014\/12\/Festtafel_lowres-5-von-14.jpg 750w, https:\/\/www.decorize.de\/blog\/wp-content\/uploads\/2014\/12\/Festtafel_lowres-5-von-14-300x450.jpg 300w, https:\/\/www.decorize.de\/blog\/wp-content\/uploads\/2014\/12\/Festtafel_lowres-5-von-14-600x900.jpg 600w, https:\/\/www.decorize.de\/blog\/wp-content\/uploads\/2014\/12\/Festtafel_lowres-5-von-14-250x375.jpg 250w\" sizes=\"(max-width: 750px) 100vw, 750px\" \/><\/a><\/p>\n<p>&nbsp;<\/p>\n<p>Die Baumkugeln <a href=\"http:\/\/corpus-delicti.de\/baumkugel-black-magic-2er-set-p-1096.html\" target=\"_blank\" rel=\"nofollow\">&#8220;Black Magic&#8221; &nbsp;in edel-schwarzer Tafeloptik von Corpus Delict<\/a>i. Sind die nicht wundersch\u00f6n?!? Wir sind totally in love mit ihnen und haben sie sofort in unsere Tischdeko integriert.<\/p>\n<p>Uns w\u00e4ren ganz viele tolle Dinge eingefallen, wie wir sie h\u00e4tten einsetzen k\u00f6nnen (neben dem klassischen in den Baum h\u00e4ngen) und haben uns schlussendlich f\u00fcr den Einsatz als Men\u00fctr\u00e4ger entschieden. Es sieht so sch\u00f6n aus in der Mitte des Tisches und hebt das Weihnachtsmen\u00fc so richtig toll heraus, findet ihr nicht auch?<\/p>\n<p>&nbsp;<\/p>\n<p><a href=\"https:\/\/www.decorize.de\/blog\/wp-content\/uploads\/2014\/12\/Festtafel_lowres-7-von-14.jpg\"><img loading=\"lazy\" decoding=\"async\" class=\"aligncenter wp-image-2271 size-full\" src=\"https:\/\/www.decorize.de\/blog\/wp-content\/uploads\/2014\/12\/Festtafel_lowres-7-von-14.jpg\" alt=\"Festtafel Tischdekoration f\u00fcr Weihnachten\" width=\"750\" height=\"1005\" srcset=\"https:\/\/www.decorize.de\/blog\/wp-content\/uploads\/2014\/12\/Festtafel_lowres-7-von-14.jpg 750w, https:\/\/www.decorize.de\/blog\/wp-content\/uploads\/2014\/12\/Festtafel_lowres-7-von-14-300x402.jpg 300w, https:\/\/www.decorize.de\/blog\/wp-content\/uploads\/2014\/12\/Festtafel_lowres-7-von-14-600x804.jpg 600w, https:\/\/www.decorize.de\/blog\/wp-content\/uploads\/2014\/12\/Festtafel_lowres-7-von-14-250x335.jpg 250w\" sizes=\"(max-width: 750px) 100vw, 750px\" \/><\/a><\/p>\n<p>&nbsp;<\/p>\n<p><a href=\"https:\/\/www.decorize.de\/blog\/wp-content\/uploads\/2014\/12\/Festtafel_lowres-13-von-14.jpg\"><img loading=\"lazy\" decoding=\"async\" class=\"aligncenter wp-image-2277 size-full\" src=\"https:\/\/www.decorize.de\/blog\/wp-content\/uploads\/2014\/12\/Festtafel_lowres-13-von-14.jpg\" alt=\"Festtafel Tischdekoration f\u00fcr Weihnachten Platzkarte\" width=\"750\" height=\"553\" srcset=\"https:\/\/www.decorize.de\/blog\/wp-content\/uploads\/2014\/12\/Festtafel_lowres-13-von-14.jpg 750w, https:\/\/www.decorize.de\/blog\/wp-content\/uploads\/2014\/12\/Festtafel_lowres-13-von-14-300x221.jpg 300w, https:\/\/www.decorize.de\/blog\/wp-content\/uploads\/2014\/12\/Festtafel_lowres-13-von-14-600x442.jpg 600w, https:\/\/www.decorize.de\/blog\/wp-content\/uploads\/2014\/12\/Festtafel_lowres-13-von-14-250x184.jpg 250w\" sizes=\"(max-width: 750px) 100vw, 750px\" \/><\/a><\/p>\n<p>&nbsp;<\/p>\n<p><a href=\"https:\/\/www.decorize.de\/blog\/wp-content\/uploads\/2014\/12\/Festtafel_lowres-11-von-14.jpg\"><img loading=\"lazy\" decoding=\"async\" class=\"aligncenter wp-image-2275 size-full\" src=\"https:\/\/www.decorize.de\/blog\/wp-content\/uploads\/2014\/12\/Festtafel_lowres-11-von-14.jpg\" alt=\"Festtafel Tischdekoration f\u00fcr Weihnachten\" width=\"750\" height=\"514\" srcset=\"https:\/\/www.decorize.de\/blog\/wp-content\/uploads\/2014\/12\/Festtafel_lowres-11-von-14.jpg 750w, https:\/\/www.decorize.de\/blog\/wp-content\/uploads\/2014\/12\/Festtafel_lowres-11-von-14-300x206.jpg 300w, https:\/\/www.decorize.de\/blog\/wp-content\/uploads\/2014\/12\/Festtafel_lowres-11-von-14-600x411.jpg 600w, https:\/\/www.decorize.de\/blog\/wp-content\/uploads\/2014\/12\/Festtafel_lowres-11-von-14-250x171.jpg 250w\" sizes=\"(max-width: 750px) 100vw, 750px\" \/><\/a><\/p>\n<p>&nbsp;<\/p>\n<p><a href=\"https:\/\/www.decorize.de\/blog\/wp-content\/uploads\/2014\/12\/Festtafel_lowres-1-von-14.jpg\"><img loading=\"lazy\" decoding=\"async\" class=\"aligncenter wp-image-2265 size-full\" src=\"https:\/\/www.decorize.de\/blog\/wp-content\/uploads\/2014\/12\/Festtafel_lowres-1-von-14.jpg\" alt=\"Festtafel zu Weihnachten - Tischdekoration \" width=\"750\" height=\"980\" srcset=\"https:\/\/www.decorize.de\/blog\/wp-content\/uploads\/2014\/12\/Festtafel_lowres-1-von-14.jpg 750w, https:\/\/www.decorize.de\/blog\/wp-content\/uploads\/2014\/12\/Festtafel_lowres-1-von-14-250x327.jpg 250w, https:\/\/www.decorize.de\/blog\/wp-content\/uploads\/2014\/12\/Festtafel_lowres-1-von-14-300x392.jpg 300w, https:\/\/www.decorize.de\/blog\/wp-content\/uploads\/2014\/12\/Festtafel_lowres-1-von-14-600x784.jpg 600w\" sizes=\"(max-width: 750px) 100vw, 750px\" \/><\/a><\/p>\n<p>&nbsp;<\/p>\n<p>&nbsp;<\/p>\n<p>Ich warte noch auf den Moment, in welchem ich schwarz-wei\u00df nicht mehr sehen mag, aber bisher ist das nicht eingetreten. Ich finde es immer noch klassisch elegant und mit einem Hauch von Glitzer und Schnee kombiniert auch sehr festlich. Ich hoffe, meine Familie sieht das genauso. Die kommt n\u00e4mlich am heiligen Abend gesammelt zu uns nach Hause und soll sich an diesem Tisch schlie\u00dflich wohlf\u00fchlen. Und wenn wir zwischen all den Rictotta-Kn\u00f6deln, Entenbraten und duftender Pflamen-M\u00f6hren-Sauce &nbsp;ein bisschen enger mit den St\u00fchlen zusammenr\u00fccken, ist bestimmt auch noch ein Pl\u00e4tzchen frei&nbsp;f\u00fcr den alten&nbsp;Herrn mit rotem Mantel und wei\u00dfem Bart&#8230;<\/p>\n<p>Alles liebe, genie\u00dft die Zeit der Vorbereitungen,<\/p>\n<p>eure<\/p>\n<p><a href=\"https:\/\/www.decorize.de\/blog\/wp-content\/uploads\/2014\/12\/Blog-Signatur-e1390738164113.png\"><img loading=\"lazy\" decoding=\"async\" class=\"size-full wp-image-2084 alignleft\" src=\"https:\/\/www.decorize.de\/blog\/wp-content\/uploads\/2014\/12\/Blog-Signatur-e1390738164113.png\" alt=\"Blog-Signatur-e1390738164113\" width=\"300\" height=\"118\" srcset=\"https:\/\/www.decorize.de\/blog\/wp-content\/uploads\/2014\/12\/Blog-Signatur-e1390738164113.png 300w, https:\/\/www.decorize.de\/blog\/wp-content\/uploads\/2014\/12\/Blog-Signatur-e1390738164113-250x98.png 250w\" sizes=\"(max-width: 300px) 100vw, 300px\" \/><\/a><\/p>\n<p>&nbsp;<\/p>\n<p>&nbsp;<\/p>\n<p>&nbsp;<\/p>\n<p>&nbsp;<\/p>\n<p>&nbsp;<\/p>\n<p>(Moni)<br \/>\n<img loading=\"lazy\" decoding=\"async\" src=\"https:\/\/vg08.met.vgwort.de\/na\/552193d87fba4c47bee2acf61366b786\" width=\"1\" height=\"1\" alt=\"Unsere Festtafel zu Weihnachten - ein Probelauf f\u00fcr die Tischdekoration\" <=\"\" p=\"\"><\/p>\n","protected":false},"excerpt":{"rendered":"<p>So, der Countdown l\u00e4uft und die innere &#8220;Hast du an alles gedacht?&#8221;-Stimme wird immer lauter. Sie klingt zwar derzeit wie<\/p>\n","protected":false},"author":358,"featured_media":2286,"comment_status":"open","ping_status":"open","sticky":false,"template":"","format":"standard","meta":{"ngg_post_thumbnail":0,"jetpack_post_was_ever_published":false,"_jetpack_newsletter_access":"","_jetpack_dont_email_post_to_subs":false,"_jetpack_newsletter_tier_id":0,"_jetpack_memberships_contains_paywalled_content":false,"_jetpack_memberships_contains_paid_content":false,"footnotes":"","jetpack_publicize_message":"","jetpack_publicize_feature_enabled":true,"jetpack_social_post_already_shared":false,"jetpack_social_options":{"image_generator_settings":{"template":"highway","enabled":false},"version":2}},"categories":[4,79,7],"tags":[],"class_list":{"0":"post-2253","1":"post","2":"type-post","3":"status-publish","4":"format-standard","5":"has-post-thumbnail","7":"category-anleitungen","8":"category-huebsches","9":"category-partystyling"},"jetpack_publicize_connections":[],"jetpack_sharing_enabled":true,"jetpack_featured_media_url":"https:\/\/www.decorize.de\/blog\/wp-content\/uploads\/2014\/12\/Beitragsbild-Festtafel.jpg","jetpack_shortlink":"https:\/\/wp.me\/p77wUQ-Al","_links":{"self":[{"href":"https:\/\/www.decorize.de\/blog\/wp-json\/wp\/v2\/posts\/2253"}],"collection":[{"href":"https:\/\/www.decorize.de\/blog\/wp-json\/wp\/v2\/posts"}],"about":[{"href":"https:\/\/www.decorize.de\/blog\/wp-json\/wp\/v2\/types\/post"}],"author":[{"embeddable":true,"href":"https:\/\/www.decorize.de\/blog\/wp-json\/wp\/v2\/users\/358"}],"replies":[{"embeddable":true,"href":"https:\/\/www.decorize.de\/blog\/wp-json\/wp\/v2\/comments?post=2253"}],"version-history":[{"count":10,"href":"https:\/\/www.decorize.de\/blog\/wp-json\/wp\/v2\/posts\/2253\/revisions"}],"predecessor-version":[{"id":13047,"href":"https:\/\/www.decorize.de\/blog\/wp-json\/wp\/v2\/posts\/2253\/revisions\/13047"}],"wp:featuredmedia":[{"embeddable":true,"href":"https:\/\/www.decorize.de\/blog\/wp-json\/wp\/v2\/media\/2286"}],"wp:attachment":[{"href":"https:\/\/www.decorize.de\/blog\/wp-json\/wp\/v2\/media?parent=2253"}],"wp:term":[{"taxonomy":"category","embeddable":true,"href":"https:\/\/www.decorize.de\/blog\/wp-json\/wp\/v2\/categories?post=2253"},{"taxonomy":"post_tag","embeddable":true,"href":"https:\/\/www.decorize.de\/blog\/wp-json\/wp\/v2\/tags?post=2253"}],"curies":[{"name":"wp","href":"https:\/\/api.w.org\/{rel}","templated":true}]}}