{"id":10937,"date":"2018-01-25T07:51:52","date_gmt":"2018-01-25T06:51:52","guid":{"rendered":"http:\/\/www.decorize.de\/blog\/?p=10937"},"modified":"2019-02-27T11:09:01","modified_gmt":"2019-02-27T10:09:01","slug":"bunte-ordnung-auf-schreibtisch","status":"publish","type":"post","link":"https:\/\/www.decorize.de\/blog\/bunte-ordnung-auf-schreibtisch\/","title":{"rendered":"Boxenalarm im Kinderzimmer &#8211; bunte Ordnung auf Schreibtisch"},"content":{"rendered":"<p style=\"text-align: right;\">Dieser Post ist in Zusammenarbeit mit <a href=\"http:\/\/www.dymo.de\" target=\"_blank\" rel=\"nofollow\">DYMO<\/a>&nbsp;entstanden<\/p>\n<p>Jedes Jahr Anfang Januar nehm ich mir vor, Ordnung zu schaffen. Neujahrsvors\u00e4tze und so. Ich wei\u00df, was jetzt alle sagen &#8211; und Ihr habt Recht! Denn seit drei Jahren habe ich den Plan, jeden Monat ein Zimmer auszumisten und neu zu strukturieren &#8211; da wir keine 12 Zimmer haben, denke ich jedes Silvester, das m\u00fcsste doch eigentlich klappen; hab ich doch ein paar Monate Puffer im Jahr. Was soll ich sagen &#8211; ich bin jetzt seit drei Wochen im dritten Versuch, weil es 2016 und 2017 nicht wirklich erfolgreich war mit der Ordnung. Und jetzt kommt`s! Dieses Jahr habe ich schon zwei R\u00e4ume geschafft! In drei Wochen! Ha, was sagt Ihr jetzt? Wahrscheinlich geht meine Erfolgskurve jetzt drastisch nach unten und ich ruh mich auf diesem Erfolg ein paar Monate aus, aber daf\u00fcr genie\u00dfe ich ihn gerade umso mehr.<\/p>\n<p>Aber mit meinem Neujahrsvorsatz hatte das nicht wirklich viel zu tun. Intrinsischer Druck klappt bei mir beim Thema Ordnung einfach nicht, das braucht Druck von au\u00dfen. Das eine Zimmer, das ich ausgemistet habe, ist das Ankleidezimmer (also eigentlich ist es eher ein begehbarer Schrank. Also noch eigentlicher eher ein reingehen-und-einmal-umsichselbst-drehen als begehbar. Also ich hab halt den Schrank ausgemistet!). Und da bin ich ganz eigentlich auch noch nicht ganz fertig&#8230; Anderes Thema.<\/p>\n<p>Aber das andere Zimmer &#8211; das Kinderzimmer vom Lieblingssohn &#8211; brauchten wir als Fotolocation f\u00fcr ein Auftrags-Shooting f\u00fcr einen Kunden und dann ging es pl\u00f6tzlich! Ruckzuck war das Zimmer umger\u00e4umt, ausgemistet und neu strukturiert. Und gef\u00e4llt dem Lieblingssohn so gut, dass es jetzt so bleibt. Und als <a href=\"http:\/\/www.dymo.de\" target=\"_blank\" rel=\"nofollow\">DYMO <\/a>uns dann fragte, ob wir Lust h\u00e4tten, etwas zu &#8220;Ordnung auf dem Schreibtisch&#8221; zu machen, haben wir&nbsp;gleich weiter gemacht und&nbsp;speziell auf dem Schreibtisch des Kerls gew\u00fctet, um ein wenig Struktur ins Chaos zu kriegen.&nbsp; <img loading=\"lazy\" decoding=\"async\" class=\"size-full wp-image-10949\" src=\"https:\/\/www.decorize.de\/blog\/wp-content\/uploads\/2018\/01\/DYMO-Schreibtisch-Ordnung-2.jpg\" alt=\"DYMO Schreibtisch Ordnung-2\" width=\"750\" height=\"500\" srcset=\"https:\/\/www.decorize.de\/blog\/wp-content\/uploads\/2018\/01\/DYMO-Schreibtisch-Ordnung-2.jpg 750w, https:\/\/www.decorize.de\/blog\/wp-content\/uploads\/2018\/01\/DYMO-Schreibtisch-Ordnung-2-300x200.jpg 300w, https:\/\/www.decorize.de\/blog\/wp-content\/uploads\/2018\/01\/DYMO-Schreibtisch-Ordnung-2-600x400.jpg 600w, https:\/\/www.decorize.de\/blog\/wp-content\/uploads\/2018\/01\/DYMO-Schreibtisch-Ordnung-2-270x180.jpg 270w, https:\/\/www.decorize.de\/blog\/wp-content\/uploads\/2018\/01\/DYMO-Schreibtisch-Ordnung-2-250x167.jpg 250w\" sizes=\"(max-width: 750px) 100vw, 750px\" \/><\/p>\n<p>Als Zweitkl\u00e4ssler ist er gerade total stolz darauf, jetzt lesen zu k\u00f6nnen und fand die Idee gro\u00dfartig, alles in Boxen und Dosen zu sammeln und mit dem Dymo-Labeler zu beschriften. Mal gucken, wie lange diese Euphorie f\u00fcrs Sortieren anh\u00e4lt! Aber zumindest wei\u00df ich dann jetzt auch, wohin mit den herumfliegenden Fussball-Karten und bl\u00f6den Nerf-Pfeilen. Es lebe die Ordnung.<\/p>\n<p><img loading=\"lazy\" decoding=\"async\" class=\"size-full wp-image-10946 aligncenter\" src=\"https:\/\/www.decorize.de\/blog\/wp-content\/uploads\/2018\/01\/DYMO-Schreibtisch-Ordnung-22.jpg\" alt=\"DYMO Schreibtisch Ordnung-22\" width=\"750\" height=\"500\" srcset=\"https:\/\/www.decorize.de\/blog\/wp-content\/uploads\/2018\/01\/DYMO-Schreibtisch-Ordnung-22.jpg 750w, https:\/\/www.decorize.de\/blog\/wp-content\/uploads\/2018\/01\/DYMO-Schreibtisch-Ordnung-22-300x200.jpg 300w, https:\/\/www.decorize.de\/blog\/wp-content\/uploads\/2018\/01\/DYMO-Schreibtisch-Ordnung-22-600x400.jpg 600w, https:\/\/www.decorize.de\/blog\/wp-content\/uploads\/2018\/01\/DYMO-Schreibtisch-Ordnung-22-270x180.jpg 270w, https:\/\/www.decorize.de\/blog\/wp-content\/uploads\/2018\/01\/DYMO-Schreibtisch-Ordnung-22-250x167.jpg 250w\" sizes=\"(max-width: 750px) 100vw, 750px\" \/><\/p>\n<p><img loading=\"lazy\" decoding=\"async\" class=\"alignleft size-full wp-image-10965 aligncenter\" src=\"https:\/\/www.decorize.de\/blog\/wp-content\/uploads\/2018\/01\/collage-hochkant-Schreibtisch-Ordnung-Dymo-e1516863411584.jpg\" alt=\"collage hochkant Schreibtisch Ordnung Dymo\" width=\"750\" height=\"545\" srcset=\"https:\/\/www.decorize.de\/blog\/wp-content\/uploads\/2018\/01\/collage-hochkant-Schreibtisch-Ordnung-Dymo-e1516863411584.jpg 750w, https:\/\/www.decorize.de\/blog\/wp-content\/uploads\/2018\/01\/collage-hochkant-Schreibtisch-Ordnung-Dymo-e1516863411584-250x182.jpg 250w, https:\/\/www.decorize.de\/blog\/wp-content\/uploads\/2018\/01\/collage-hochkant-Schreibtisch-Ordnung-Dymo-e1516863411584-300x218.jpg 300w, https:\/\/www.decorize.de\/blog\/wp-content\/uploads\/2018\/01\/collage-hochkant-Schreibtisch-Ordnung-Dymo-e1516863411584-600x436.jpg 600w\" sizes=\"(max-width: 750px) 100vw, 750px\" \/><\/p>\n<p>Es gibt f\u00fcr den DYMO-MobileLabeler verschiedene Farbb\u00e4nder und durch die Smartphone-Steuerung per Bluetooth \u00fcber die App kann man auch ganz easy und schnell die Schriftarten und -gr\u00f6\u00dfen einstellen. Mir gef\u00e4llt besonders die Kombi &#8220;wei\u00dfe Schrift auf Transparent&#8221;, denn dann kann man mit farbigen oder gemusterten Washitapes noch coole Deko-Effekte erzielen. Dem Lieblingssohn gefiel aber das Schwarz auf Blau besser (weil es besser zur Wandfarbe passt&#8230; Hallo? Was ist denn da los?).<\/p>\n<p><img loading=\"lazy\" decoding=\"async\" class=\"size-full wp-image-10943 aligncenter\" src=\"https:\/\/www.decorize.de\/blog\/wp-content\/uploads\/2018\/01\/DYMO-Schreibtisch-Ordnung-16.jpg\" alt=\"DYMO Schreibtisch Ordnung-16\" width=\"750\" height=\"500\" srcset=\"https:\/\/www.decorize.de\/blog\/wp-content\/uploads\/2018\/01\/DYMO-Schreibtisch-Ordnung-16.jpg 750w, https:\/\/www.decorize.de\/blog\/wp-content\/uploads\/2018\/01\/DYMO-Schreibtisch-Ordnung-16-300x200.jpg 300w, https:\/\/www.decorize.de\/blog\/wp-content\/uploads\/2018\/01\/DYMO-Schreibtisch-Ordnung-16-600x400.jpg 600w, https:\/\/www.decorize.de\/blog\/wp-content\/uploads\/2018\/01\/DYMO-Schreibtisch-Ordnung-16-270x180.jpg 270w, https:\/\/www.decorize.de\/blog\/wp-content\/uploads\/2018\/01\/DYMO-Schreibtisch-Ordnung-16-250x167.jpg 250w\" sizes=\"(max-width: 750px) 100vw, 750px\" \/>&nbsp;&nbsp;<\/p>\n<p>Und weil`s soviel Spa\u00df gemacht hat, haben wir auch gleich noch die Schulmaterialien wie Stifte, Lineale und Hefte beschriftet. Bei diesen Mappen nerven mich sowieso schon seit meiner Schulzeit diese wei\u00dfen Beschriftungspappen, die man nie wieder richtig reingeschoben bekommt. Oder kennt jemand einen Trick? Wir haben das Problem jetzt einfach so gel\u00f6st.<\/p>\n<p style=\"text-align: center;\"><img loading=\"lazy\" decoding=\"async\" class=\"size-full wp-image-10942 aligncenter\" src=\"https:\/\/www.decorize.de\/blog\/wp-content\/uploads\/2018\/01\/DYMO-Schreibtisch-Ordnung-11.jpg\" alt=\"DYMO Schreibtisch Ordnung-11\" width=\"750\" height=\"500\" srcset=\"https:\/\/www.decorize.de\/blog\/wp-content\/uploads\/2018\/01\/DYMO-Schreibtisch-Ordnung-11.jpg 750w, https:\/\/www.decorize.de\/blog\/wp-content\/uploads\/2018\/01\/DYMO-Schreibtisch-Ordnung-11-300x200.jpg 300w, https:\/\/www.decorize.de\/blog\/wp-content\/uploads\/2018\/01\/DYMO-Schreibtisch-Ordnung-11-600x400.jpg 600w, https:\/\/www.decorize.de\/blog\/wp-content\/uploads\/2018\/01\/DYMO-Schreibtisch-Ordnung-11-270x180.jpg 270w, https:\/\/www.decorize.de\/blog\/wp-content\/uploads\/2018\/01\/DYMO-Schreibtisch-Ordnung-11-250x167.jpg 250w\" sizes=\"(max-width: 750px) 100vw, 750px\" \/><\/p>\n<p><img loading=\"lazy\" decoding=\"async\" class=\"size-full wp-image-10941 aligncenter\" src=\"https:\/\/www.decorize.de\/blog\/wp-content\/uploads\/2018\/01\/DYMO-Schreibtisch-Ordnung-10.jpg\" alt=\"DYMO Schreibtisch Ordnung-10\" width=\"750\" height=\"500\" srcset=\"https:\/\/www.decorize.de\/blog\/wp-content\/uploads\/2018\/01\/DYMO-Schreibtisch-Ordnung-10.jpg 750w, https:\/\/www.decorize.de\/blog\/wp-content\/uploads\/2018\/01\/DYMO-Schreibtisch-Ordnung-10-300x200.jpg 300w, https:\/\/www.decorize.de\/blog\/wp-content\/uploads\/2018\/01\/DYMO-Schreibtisch-Ordnung-10-600x400.jpg 600w, https:\/\/www.decorize.de\/blog\/wp-content\/uploads\/2018\/01\/DYMO-Schreibtisch-Ordnung-10-270x180.jpg 270w, https:\/\/www.decorize.de\/blog\/wp-content\/uploads\/2018\/01\/DYMO-Schreibtisch-Ordnung-10-250x167.jpg 250w\" sizes=\"(max-width: 750px) 100vw, 750px\" \/><\/p>\n<p>&nbsp;<\/p>\n<p>So und nun mach ich mich wieder an den Schrank und bringe es Zuende &#8211; k\u00f6nnt Ihr mich bitte n\u00e4chste Woche fragen, wie weit ich bin. Ihr wisst schon, Druck von au\u00dfen und so!&nbsp;<\/p>\n<p>Habt ein tolles Wochenende!&nbsp;<\/p>\n<p>Eure<\/p>\n<p><img loading=\"lazy\" decoding=\"async\" class=\"alignleft size-full wp-image-355\" src=\"https:\/\/www.decorize.de\/blog\/wp-content\/uploads\/2014\/01\/Blog-Signatur-e1390738164113.png\" alt=\"Blog Signatur\" width=\"300\" height=\"118\" srcset=\"https:\/\/www.decorize.de\/blog\/wp-content\/uploads\/2014\/01\/Blog-Signatur-e1390738164113.png 300w, https:\/\/www.decorize.de\/blog\/wp-content\/uploads\/2014\/01\/Blog-Signatur-e1390738164113-250x98.png 250w\" sizes=\"(max-width: 300px) 100vw, 300px\" \/><\/p>\n<p>&nbsp;<\/p>\n<p>&nbsp;<\/p>\n<p>&nbsp;<\/p>\n<p>&nbsp;<\/p>\n<p>&nbsp;<\/p>\n<h4>F\u00fcr Euer Pinterest-Board<\/h4>\n<p><img loading=\"lazy\" decoding=\"async\" class=\"size-full wp-image-10967 aligncenter\" src=\"https:\/\/www.decorize.de\/blog\/wp-content\/uploads\/2018\/01\/dymo-Ordnung-Schreibtisch-e1516866168381.jpg\" alt=\"dymo Ordnung Schreibtisch\" width=\"567\" height=\"850\" srcset=\"https:\/\/www.decorize.de\/blog\/wp-content\/uploads\/2018\/01\/dymo-Ordnung-Schreibtisch-e1516866168381.jpg 567w, https:\/\/www.decorize.de\/blog\/wp-content\/uploads\/2018\/01\/dymo-Ordnung-Schreibtisch-e1516866168381-250x375.jpg 250w, https:\/\/www.decorize.de\/blog\/wp-content\/uploads\/2018\/01\/dymo-Ordnung-Schreibtisch-e1516866168381-300x450.jpg 300w\" sizes=\"(max-width: 567px) 100vw, 567px\" \/><\/p>\n","protected":false},"excerpt":{"rendered":"<p>Dieser Post ist in Zusammenarbeit mit DYMO&nbsp;entstanden Jedes Jahr Anfang Januar nehm ich mir vor, Ordnung zu schaffen. Neujahrsvors\u00e4tze und<\/p>\n","protected":false},"author":624,"featured_media":10946,"comment_status":"open","ping_status":"open","sticky":false,"template":"","format":"standard","meta":{"ngg_post_thumbnail":0,"jetpack_post_was_ever_published":false,"_jetpack_newsletter_access":"","_jetpack_dont_email_post_to_subs":false,"_jetpack_newsletter_tier_id":0,"_jetpack_memberships_contains_paywalled_content":false,"_jetpack_memberships_contains_paid_content":false,"footnotes":"","jetpack_publicize_message":"","jetpack_publicize_feature_enabled":true,"jetpack_social_post_already_shared":true,"jetpack_social_options":{"image_generator_settings":{"template":"highway","enabled":false},"version":2}},"categories":[28],"tags":[362,363],"class_list":{"0":"post-10937","1":"post","2":"type-post","3":"status-publish","4":"format-standard","5":"has-post-thumbnail","7":"category-homestyling","8":"tag-ordnung","9":"tag-schreibtisch"},"jetpack_publicize_connections":[],"jetpack_sharing_enabled":true,"jetpack_featured_media_url":"https:\/\/www.decorize.de\/blog\/wp-content\/uploads\/2018\/01\/DYMO-Schreibtisch-Ordnung-22.jpg","jetpack_shortlink":"https:\/\/wp.me\/p77wUQ-2Qp","_links":{"self":[{"href":"https:\/\/www.decorize.de\/blog\/wp-json\/wp\/v2\/posts\/10937"}],"collection":[{"href":"https:\/\/www.decorize.de\/blog\/wp-json\/wp\/v2\/posts"}],"about":[{"href":"https:\/\/www.decorize.de\/blog\/wp-json\/wp\/v2\/types\/post"}],"author":[{"embeddable":true,"href":"https:\/\/www.decorize.de\/blog\/wp-json\/wp\/v2\/users\/624"}],"replies":[{"embeddable":true,"href":"https:\/\/www.decorize.de\/blog\/wp-json\/wp\/v2\/comments?post=10937"}],"version-history":[{"count":16,"href":"https:\/\/www.decorize.de\/blog\/wp-json\/wp\/v2\/posts\/10937\/revisions"}],"predecessor-version":[{"id":11017,"href":"https:\/\/www.decorize.de\/blog\/wp-json\/wp\/v2\/posts\/10937\/revisions\/11017"}],"wp:featuredmedia":[{"embeddable":true,"href":"https:\/\/www.decorize.de\/blog\/wp-json\/wp\/v2\/media\/10946"}],"wp:attachment":[{"href":"https:\/\/www.decorize.de\/blog\/wp-json\/wp\/v2\/media?parent=10937"}],"wp:term":[{"taxonomy":"category","embeddable":true,"href":"https:\/\/www.decorize.de\/blog\/wp-json\/wp\/v2\/categories?post=10937"},{"taxonomy":"post_tag","embeddable":true,"href":"https:\/\/www.decorize.de\/blog\/wp-json\/wp\/v2\/tags?post=10937"}],"curies":[{"name":"wp","href":"https:\/\/api.w.org\/{rel}","templated":true}]}}